{"id":88864,"date":"2026-09-04T11:46:15","date_gmt":"2026-09-04T09:46:15","guid":{"rendered":"https:\/\/trader-magazine.com\/?p=88864"},"modified":"2026-09-04T11:46:21","modified_gmt":"2026-09-04T09:46:21","slug":"a-kinai-xiaomi-2027-ben-tervezi-megkezdeni-elektromos-autoinak-ertekesiteset-europaban","status":"publish","type":"post","link":"https:\/\/trader-magazine.com\/hu\/novinky\/a-kinai-xiaomi-2027-ben-tervezi-megkezdeni-elektromos-autoinak-ertekesiteset-europaban\/","title":{"rendered":"A k\u00ednai Xiaomi 2027-ben tervezi megkezdeni elektromos aut\u00f3inak \u00e9rt\u00e9kes\u00edt\u00e9s\u00e9t Eur\u00f3p\u00e1ban"},"content":{"rendered":"\n<p class=\"wp-block-paragraph\"><strong>A k\u00ednai Xiaomi csoport 2027-ben tervezi elektromos aut\u00f3inak \u00e9rt\u00e9kes\u00edt\u00e9s\u00e9t Eur\u00f3p\u00e1ban. A v\u00e1llalat el\u0151zetes meg\u00e1llapod\u00e1st \u00edrt al\u00e1 nyolc n\u00e9metorsz\u00e1gi aut\u00f3keresked\u0151i csoporttal, ezzel megteremtve az alapokat a tervezett eur\u00f3pai piacra l\u00e9p\u00e9shez. Ezt jelentette be a <a href=\"https:\/\/www.dpa.com\/en\" target=\"_blank\" rel=\"noopener\" title=\"\">DPA<\/a> h\u00edr\u00fcgyn\u00f6ks\u00e9g szerint a v\u00e1llalat a berlini IFA technol\u00f3giai v\u00e1s\u00e1ron.<\/strong><\/p>\n\n\n\n<h3 class=\"wp-block-heading has-text-align-center\">\u00c9rdekelhet: <a href=\"http:\/\/Mohlo by V\u00e1s zaj\u00edmat: Nal\u00e1kali v\u00e1s na rychl\u00e9 pen\u00edze? Pyramidov\u00e1 hra alias letadlo p\u0159ipravila tis\u00edce lid\u00ed o \u00faspory\" target=\"_blank\" rel=\"noopener\" title=\"\">Gyors p\u00e9nzzel cs\u00e1b\u00edtottak? A piramisj\u00e1t\u00e9k alias rep\u00fcl\u0151g\u00e9p emberek ezreit fosztotta meg megtakar\u00edt\u00e1sait\u00f3l<\/a><\/h3>\n\n\n\n<h2 class=\"wp-block-heading\">A Xiaomi felk\u00e9sz\u00fcl az eur\u00f3pai piacra l\u00e9p\u00e9sre. \u00c9rt\u00e9kes\u00edt\u00e9si \u00e9s szervizk\u00f6zpontokat \u00e9p\u00edt vezet\u0151 n\u00e9met partnerekkel<\/h2>\n\n\n\n<p class=\"wp-block-paragraph\">A partnerek k\u00f6z\u00e9 tartozik az Emil Frey Germany, Ernst Dello Gruppe, Autohaus Dinnebier, Hahn Automobile, LUEG Mobility Gruppe, Fett &amp; Wirtz, SPT Avior \u00e9s Penske-Jacobs. Az egy\u00fcttm\u0171k\u00f6d\u00e9s alapot teremt egy \u00e1tfog\u00f3 keresked\u0151i \u00e9s szerv\u00edzh\u00e1l\u00f3zat ki\u00e9p\u00edt\u00e9s\u00e9hez. A <a href=\"https:\/\/trader-magazine.com\/hu\/novinky\/a-xiaomi-negyedeves-nyeresege-a-memoriachipek-novekvo-koltsegei-miatt-csokkent\/\" target=\"_blank\" rel=\"noopener\" title=\"\">Xiaomi<\/a> \u00edgy az eur\u00f3pai piacra l\u00e9p\u00e9s el\u0151tt k\u00edv\u00e1nja ki\u00e9p\u00edteni az \u00fcgyfeleknek sz\u00fcks\u00e9ges h\u00e1tteret.<\/p>\n\n\n\n<p class=\"wp-block-paragraph\">A Xiaomi <a href=\"https:\/\/trader-magazine.com\/hu\/novinky\/kina-robotrendoroket-kuld-a-keresztezodesekbe-egyelore-letartoztatasi-jogkor-nelkul\/\" target=\"_blank\" rel=\"noopener\" title=\"\">K\u00edn\u00e1ban<\/a> saj\u00e1t adatai szerint az SU7 elektromos limuzin \u00e9rt\u00e9kes\u00edt\u00e9s\u00e9nek 2024 tavaszi megkezd\u00e9se \u00f3ta m\u00e1r t\u00f6bb mint 700 000 j\u00e1rm\u0171vet sz\u00e1ll\u00edtott ki az \u00fcgyfeleknek. A c\u00e9g eg\u00e9szen a k\u00f6zelm\u00faltig habozott az eur\u00f3pai piacra l\u00e9p\u00e9ssel, mivel gy\u00e1rt\u00e1si kapacit\u00e1sait a hazai piacon tapasztalhat\u00f3 magas kereslet miatt teljes m\u00e9rt\u00e9kben lek\u00f6t\u00f6tte.<\/p>\n\n\n\n<h3 class=\"wp-block-heading has-text-align-center\">Olvassa tov\u00e1bb: <a href=\"https:\/\/trader-magazine.com\/hu\/recenze\/etoro-aktualne\/\" target=\"_blank\" rel=\"noopener\" title=\"\">eToro \u2013 Az ismert br\u00f3ker \u00e9rt\u00e9kel\u00e9se<\/a><\/h3>\n\n\n\n<h2 class=\"wp-block-heading\">A Xiaomi elutas\u00edtja az olcs\u00f3 aut\u00f3kat \u00e9s a pr\u00e9mium szegmensre tesz. A j\u00e1rm\u0171gy\u00e1rt\u00e1s egy hatalmas \u00f6sszekapcsolt \u00f6kosziszt\u00e9m\u00e1t eg\u00e9sz\u00edt ki<\/h2>\n\n\n\n<p class=\"wp-block-paragraph\">A Xiaomi a versenyt\u00e1rsakkal ellent\u00e9tben, akik az olcs\u00f3 elektromos aut\u00f3k piac\u00e1n pr\u00f3b\u00e1lnak r\u00e9szesed\u00e9st szerezni, a pr\u00e9mium \u00e9s technol\u00f3giailag fejlett, magasabb haszonkulcs\u00fa j\u00e1rm\u0171vek szegmens\u00e9re f\u00f3kusz\u00e1l. Az SU7 modellcsal\u00e1d K\u00edn\u00e1ban a legkelend\u0151bb szed\u00e1n lett a 200 000 j\u00fcan feletti \u00e1rkateg\u00f3ri\u00e1ban. Az \u00faj sportos-haszonj\u00e1rm\u0171, az YU7 pedig a piacra l\u00e9p\u00e9st k\u00f6vet\u0151 els\u0151 18 \u00f3r\u00e1ban t\u00f6bb mint 240 000 k\u00f6telez\u0151 erej\u0171 megrendel\u00e9st kapott. Az aut\u00f3ipari <a href=\"https:\/\/crypto-globe.com\/vietnam-surfuje-na-vlne-kryptomen-jak-toho-muzete-vyuzit-v-byznyse\/\" target=\"_blank\" rel=\"noopener\" title=\"\">\u00fczlet\u00e1g<\/a> \u00edgy az okostelefonok mellett a Xiaomi n\u00f6veked\u00e9s\u00e9nek egyik f\u0151 hajt\u00f3erej\u00e9v\u00e9 v\u00e1lt.<\/p>\n\n\n\n<p class=\"wp-block-paragraph\">A c\u00e9g a vil\u00e1gpiaci r\u00e9szesed\u00e9s alapj\u00e1n a harmadik legnagyobb okostelefon-gy\u00e1rt\u00f3 az amerikai <a href=\"https:\/\/trader-magazine.com\/hu\/hirek\/counterpoint-az-apple-iden-visszater-a-vilag-okostelefon-piacanak-elere\/\" target=\"_blank\" rel=\"noopener\" title=\"\">Apple<\/a> \u00e9s a d\u00e9l-koreai Samsung ut\u00e1n. Az aut\u00f3gy\u00e1rt\u00e1s r\u00e9sze az <strong>\u201eEmber x aut\u00f3 x h\u00e1ztart\u00e1s&#8221;<\/strong> strat\u00e9gi\u00e1nak, amelynek c\u00e9lja az aut\u00f3k, okostelefonok \u00e9s h\u00e1ztart\u00e1si elektronika \u00f6sszekapcsol\u00e1sa saj\u00e1t oper\u00e1ci\u00f3s rendszeren \u00e9s mesters\u00e9ges intelligenci\u00e1n kereszt\u00fcl. Az IFA v\u00e1s\u00e1ron a Xiaomi egy\u00fattal bejelentette, hogy Eur\u00f3p\u00e1ban b\u0151v\u00edteni k\u00edv\u00e1nja a Mijia m\u00e1rk\u00e1j\u00fa h\u00e1ztart\u00e1si k\u00e9sz\u00fcl\u00e9kek \u00e9s a saj\u00e1t XRING sorozat\u00fa f\u00e9lvezet\u0151k k\u00edn\u00e1lat\u00e1t.<\/p>\n\n\n\n<h3 class=\"wp-block-heading has-text-align-center\">Ne hagyja ki: <a href=\"https:\/\/trader-magazine.com\/hu\/recenze\/wonderinterest-trading-ltd-recenze\/\" target=\"_blank\" rel=\"noopener\" title=\"\">Wonderinterest Trading Ltd. \u00e9rt\u00e9kel\u00e9s<\/a><\/h3>\n\n\n\n<p class=\"wp-block-paragraph\">Forr\u00e1s: Reuters<\/p>\n","protected":false},"excerpt":{"rendered":"<p>A k\u00ednai Xiaomi csoport 2027-ben tervezi elektromos aut\u00f3inak \u00e9rt\u00e9kes\u00edt\u00e9s\u00e9t Eur\u00f3p\u00e1ban. A v\u00e1llalat el\u0151zetes meg\u00e1llapod\u00e1st \u00edrt al\u00e1 nyolc n\u00e9metorsz\u00e1gi aut\u00f3keresked\u0151i csoporttal, ezzel megteremtve az alapokat a tervezett eur\u00f3pai piacra l\u00e9p\u00e9shez. Ezt jelentette be a DPA h\u00edr\u00fcgyn\u00f6ks\u00e9g szerint a v\u00e1llalat a berlini IFA technol\u00f3giai v\u00e1s\u00e1ron. \u00c9rdekelhet: Gyors p\u00e9nzzel cs\u00e1b\u00edtottak? A piramisj\u00e1t\u00e9k alias rep\u00fcl\u0151g\u00e9p emberek ezreit fosztotta meg [&hellip;]<\/p>\n","protected":false},"author":44,"featured_media":88851,"comment_status":"closed","ping_status":"open","sticky":false,"template":"","format":"standard","meta":{"yasr_overall_rating":0,"yasr_post_is_review":"","yasr_auto_insert_disabled":"","yasr_review_type":"","footnotes":""},"categories":[4886,248],"tags":[167,1229,4891],"class_list":["post-88864","post","type-post","status-publish","format-standard","has-post-thumbnail","category-ertekelesek","category-novinky","tag-eu","tag-europe","tag-gazdasag"],"aioseo_notices":[],"aioseo_head":"\n\t\t<!-- All in One SEO Pro 5.0.0.1 - aioseo.com -->\n\t<meta name=\"description\" content=\"A Xiaomi 2027-ben kezdi meg elektromos aut\u00f3inak \u00e9rt\u00e9kes\u00edt\u00e9s\u00e9t Eur\u00f3p\u00e1ban. N\u00e9met partnerekkel \u00e9p\u00edt \u00e9rt\u00e9kes\u00edt\u00e9si \u00e9s szerv\u00edzh\u00e1l\u00f3zatot a pr\u00e9mium szegmensre.\" \/>\n\t<meta name=\"robots\" content=\"max-image-preview:large\" \/>\n\t<meta name=\"author\" content=\"EditorialTeam\"\/>\n\t<link rel=\"canonical\" href=\"https:\/\/trader-magazine.com\/hu\/novinky\/a-kinai-xiaomi-2027-ben-tervezi-megkezdeni-elektromos-autoinak-ertekesiteset-europaban\/\" \/>\n\t<meta name=\"generator\" content=\"All in One SEO Pro (AIOSEO) 5.0.0.1\" \/>\n\t\t<meta property=\"og:locale\" content=\"hu_HU\" \/>\n\t\t<meta property=\"og:site_name\" content=\"ForexMag\" \/>\n\t\t<meta property=\"og:type\" content=\"article\" \/>\n\t\t<meta property=\"og:title\" content=\"Xiaomi elektromos aut\u00f3k Eur\u00f3p\u00e1ban 2027-t\u0151l\" \/>\n\t\t<meta property=\"og:description\" content=\"A Xiaomi 2027-ben kezdi meg elektromos aut\u00f3inak \u00e9rt\u00e9kes\u00edt\u00e9s\u00e9t Eur\u00f3p\u00e1ban. N\u00e9met partnerekkel \u00e9p\u00edt \u00e9rt\u00e9kes\u00edt\u00e9si \u00e9s szerv\u00edzh\u00e1l\u00f3zatot a pr\u00e9mium szegmensre.\" \/>\n\t\t<meta property=\"og:url\" content=\"https:\/\/trader-magazine.com\/hu\/novinky\/a-kinai-xiaomi-2027-ben-tervezi-megkezdeni-elektromos-autoinak-ertekesiteset-europaban\/\" \/>\n\t\t<meta property=\"article:published_time\" content=\"2026-09-04T09:46:15+00:00\" \/>\n\t\t<meta property=\"article:modified_time\" content=\"2026-09-04T09:46:21+00:00\" \/>\n\t\t<meta name=\"twitter:card\" content=\"summary\" \/>\n\t\t<meta name=\"twitter:title\" content=\"Xiaomi elektromos aut\u00f3k Eur\u00f3p\u00e1ban 2027-t\u0151l\" \/>\n\t\t<meta name=\"twitter:description\" content=\"A Xiaomi 2027-ben kezdi meg elektromos aut\u00f3inak \u00e9rt\u00e9kes\u00edt\u00e9s\u00e9t Eur\u00f3p\u00e1ban. N\u00e9met partnerekkel \u00e9p\u00edt \u00e9rt\u00e9kes\u00edt\u00e9si \u00e9s szerv\u00edzh\u00e1l\u00f3zatot a pr\u00e9mium szegmensre.\" \/>\n\t\t<script type=\"application\/ld+json\" class=\"aioseo-schema\">\n\t\t\t{\"@context\":\"https:\\\/\\\/schema.org\",\"@graph\":[{\"@type\":\"Article\",\"@id\":\"https:\\\/\\\/trader-magazine.com\\\/hu\\\/novinky\\\/a-kinai-xiaomi-2027-ben-tervezi-megkezdeni-elektromos-autoinak-ertekesiteset-europaban\\\/#article\",\"name\":\"Xiaomi elektromos aut\\u00f3k Eur\\u00f3p\\u00e1ban 2027-t\\u0151l\",\"headline\":\"A k\\u00ednai Xiaomi 2027-ben tervezi megkezdeni elektromos aut\\u00f3inak \\u00e9rt\\u00e9kes\\u00edt\\u00e9s\\u00e9t Eur\\u00f3p\\u00e1ban\",\"author\":{\"@id\":\"https:\\\/\\\/trader-magazine.com\\\/hu\\\/author\\\/editorialteam\\\/#author\"},\"publisher\":{\"@id\":\"https:\\\/\\\/trader-magazine.com\\\/hu\\\/#organization\"},\"image\":{\"@type\":\"ImageObject\",\"url\":\"https:\\\/\\\/trader-magazine.com\\\/wp-content\\\/uploads\\\/2026\\\/09\\\/Xiaomi-car.jpeg\",\"width\":1200,\"height\":800,\"caption\":\"Xiaomi car. Source: Adobe Stock\"},\"datePublished\":\"2026-09-04T11:46:15+02:00\",\"dateModified\":\"2026-09-04T11:46:21+02:00\",\"inLanguage\":\"hu-HU\",\"mainEntityOfPage\":{\"@id\":\"https:\\\/\\\/trader-magazine.com\\\/hu\\\/novinky\\\/a-kinai-xiaomi-2027-ben-tervezi-megkezdeni-elektromos-autoinak-ertekesiteset-europaban\\\/#webpage\"},\"isPartOf\":{\"@id\":\"https:\\\/\\\/trader-magazine.com\\\/hu\\\/novinky\\\/a-kinai-xiaomi-2027-ben-tervezi-megkezdeni-elektromos-autoinak-ertekesiteset-europaban\\\/#webpage\"},\"articleSection\":\"\\u00c9rt\\u00e9kel\\u00e9sek, Novinky, EU, Europe, gazdas\\u00e1g, Optional\"},{\"@type\":\"BreadcrumbList\",\"@id\":\"https:\\\/\\\/trader-magazine.com\\\/hu\\\/novinky\\\/a-kinai-xiaomi-2027-ben-tervezi-megkezdeni-elektromos-autoinak-ertekesiteset-europaban\\\/#breadcrumblist\",\"itemListElement\":[{\"@type\":\"ListItem\",\"@id\":\"https:\\\/\\\/trader-magazine.com\\\/hu\\\/#listItem\",\"position\":1,\"name\":\"Home\",\"item\":\"https:\\\/\\\/trader-magazine.com\\\/hu\\\/\",\"nextItem\":{\"@type\":\"ListItem\",\"@id\":\"https:\\\/\\\/trader-magazine.com\\\/cs\\\/category\\\/novinky\\\/#listItem\",\"name\":\"Novinky\"}},{\"@type\":\"ListItem\",\"@id\":\"https:\\\/\\\/trader-magazine.com\\\/cs\\\/category\\\/novinky\\\/#listItem\",\"position\":2,\"name\":\"Novinky\",\"item\":\"https:\\\/\\\/trader-magazine.com\\\/cs\\\/category\\\/novinky\\\/\",\"nextItem\":{\"@type\":\"ListItem\",\"@id\":\"https:\\\/\\\/trader-magazine.com\\\/hu\\\/novinky\\\/a-kinai-xiaomi-2027-ben-tervezi-megkezdeni-elektromos-autoinak-ertekesiteset-europaban\\\/#listItem\",\"name\":\"A k\\u00ednai Xiaomi 2027-ben tervezi megkezdeni elektromos aut\\u00f3inak \\u00e9rt\\u00e9kes\\u00edt\\u00e9s\\u00e9t Eur\\u00f3p\\u00e1ban\"},\"previousItem\":{\"@type\":\"ListItem\",\"@id\":\"https:\\\/\\\/trader-magazine.com\\\/hu\\\/#listItem\",\"name\":\"Home\"}},{\"@type\":\"ListItem\",\"@id\":\"https:\\\/\\\/trader-magazine.com\\\/hu\\\/novinky\\\/a-kinai-xiaomi-2027-ben-tervezi-megkezdeni-elektromos-autoinak-ertekesiteset-europaban\\\/#listItem\",\"position\":3,\"name\":\"A k\\u00ednai Xiaomi 2027-ben tervezi megkezdeni elektromos aut\\u00f3inak \\u00e9rt\\u00e9kes\\u00edt\\u00e9s\\u00e9t Eur\\u00f3p\\u00e1ban\",\"previousItem\":{\"@type\":\"ListItem\",\"@id\":\"https:\\\/\\\/trader-magazine.com\\\/cs\\\/category\\\/novinky\\\/#listItem\",\"name\":\"Novinky\"}}]},{\"@type\":\"Organization\",\"@id\":\"https:\\\/\\\/trader-magazine.com\\\/hu\\\/#organization\",\"name\":\"Trader-Magazine.com\",\"description\":\"Mezin\\u00e1rodn\\u00ed port\\u00e1l finan\\u010dn\\u00edho vzd\\u011bl\\u00e1v\\u00e1n\\u00ed se zam\\u011b\\u0159en\\u00edm na investice. V sou\\u010dasn\\u00e9 dob\\u011b vych\\u00e1z\\u00ed v 6 jazykov\\u00fdch verz\\u00edch a p\\u0159in\\u00e1\\u0161\\u00ed denn\\u011b aktualizovan\\u00e9 zpr\\u00e1vy, recenze, varov\\u00e1n\\u00ed a vzd\\u011bl\\u00e1vac\\u00ed \\u010dl\\u00e1nky relevantn\\u00ed pro investory z cel\\u00e9ho sv\\u011bta.\",\"url\":\"https:\\\/\\\/trader-magazine.com\\\/hu\\\/\",\"email\":\"info@trader-magazine.com\",\"logo\":{\"@type\":\"ImageObject\",\"url\":\"https:\\\/\\\/trader-magazine.com\\\/wp-content\\\/uploads\\\/2026\\\/01\\\/logo_logo4-B-kopie.png\",\"@id\":\"https:\\\/\\\/trader-magazine.com\\\/hu\\\/novinky\\\/a-kinai-xiaomi-2027-ben-tervezi-megkezdeni-elektromos-autoinak-ertekesiteset-europaban\\\/#organizationLogo\",\"width\":1586,\"height\":555},\"image\":{\"@id\":\"https:\\\/\\\/trader-magazine.com\\\/hu\\\/novinky\\\/a-kinai-xiaomi-2027-ben-tervezi-megkezdeni-elektromos-autoinak-ertekesiteset-europaban\\\/#organizationLogo\"}},{\"@type\":\"Person\",\"@id\":\"https:\\\/\\\/trader-magazine.com\\\/hu\\\/author\\\/editorialteam\\\/#author\",\"url\":\"https:\\\/\\\/trader-magazine.com\\\/hu\\\/author\\\/editorialteam\\\/\",\"name\":\"EditorialTeam\",\"description\":\"Trader-Magazine.com Editorial Team: Your Guide to the World of Modern Finance The Trader-Magazine.com editorial team consists of seasoned professionals specializing in financial journalism, economic analysis, and financial technology (Fintech). As an independent editorial board, our mission is to deliver objective, high-value insights into the dynamic landscape of global investments, cryptocurrencies, and the digital transformation of the banking sector. In an era where financial markets are being fundamentally reshaped by Artificial Intelligence (AI) and decentralized technologies, our team serves as the essential bridge between complex big data and the individual investor. Our Core Pillars of Expertise To provide comprehensive market coverage, our editorial focus is divided into four strategic pillars:   Capital Markets Analysis: We provide rigorous monitoring of global stock exchanges across the US, Europe, and Asia, with a primary focus on equities, commodities, and ETFs.   Cryptocurrencies and Web3: Our specialists deliver in-depth technical and fundamental analyses of Bitcoin, Ethereum, and the broader blockchain ecosystem.   Fintech and Innovation: We track the structural evolution of the financial sector, ranging from the rise of neobanking to the integration of AI-driven asset management.   Investment Strategy: We offer actionable frameworks for both novice and professional traders, emphasizing sophisticated risk management and long-term portfolio sustainability.   Why Trust Our Insights? The members of our editorial board bring a wealth of experience from leading media outlets (including prominent titles such as Marketing &amp; Media and major economic publications) and hold advanced academic degrees in journalism and economics. At Trader-Magazine.com, our reporting transcends simple numerical data. We prioritize the \\\"broader context,\\\" analyzing how macro-economic trends impact everyday life, societal structures, and the global economy. Our Editorial Standards Our work is governed by the principles of factual accuracy, independence, and transparency. Every piece of content undergoes a rigorous multi-stage fact-checking process to ensure it meets the highest standards for premium financial content in the digital age.\",\"knowsLanguage\":[\"Czech\",\"English\"],\"image\":{\"@type\":\"ImageObject\",\"url\":\"https:\\\/\\\/secure.gravatar.com\\\/avatar\\\/90e2e1b870a94acbb6e3848e6973e98d07dc176eb667f8d60366eac96e733dd4?s=96&d=mm&r=g\"}},{\"@type\":\"WebPage\",\"@id\":\"https:\\\/\\\/trader-magazine.com\\\/hu\\\/novinky\\\/a-kinai-xiaomi-2027-ben-tervezi-megkezdeni-elektromos-autoinak-ertekesiteset-europaban\\\/#webpage\",\"url\":\"https:\\\/\\\/trader-magazine.com\\\/hu\\\/novinky\\\/a-kinai-xiaomi-2027-ben-tervezi-megkezdeni-elektromos-autoinak-ertekesiteset-europaban\\\/\",\"name\":\"Xiaomi elektromos aut\\u00f3k Eur\\u00f3p\\u00e1ban 2027-t\\u0151l\",\"description\":\"A Xiaomi 2027-ben kezdi meg elektromos aut\\u00f3inak \\u00e9rt\\u00e9kes\\u00edt\\u00e9s\\u00e9t Eur\\u00f3p\\u00e1ban. N\\u00e9met partnerekkel \\u00e9p\\u00edt \\u00e9rt\\u00e9kes\\u00edt\\u00e9si \\u00e9s szerv\\u00edzh\\u00e1l\\u00f3zatot a pr\\u00e9mium szegmensre.\",\"inLanguage\":\"hu-HU\",\"isPartOf\":{\"@id\":\"https:\\\/\\\/trader-magazine.com\\\/hu\\\/#website\"},\"breadcrumb\":{\"@id\":\"https:\\\/\\\/trader-magazine.com\\\/hu\\\/novinky\\\/a-kinai-xiaomi-2027-ben-tervezi-megkezdeni-elektromos-autoinak-ertekesiteset-europaban\\\/#breadcrumblist\"},\"author\":{\"@id\":\"https:\\\/\\\/trader-magazine.com\\\/hu\\\/author\\\/editorialteam\\\/#author\"},\"creator\":{\"@id\":\"https:\\\/\\\/trader-magazine.com\\\/hu\\\/author\\\/editorialteam\\\/#author\"},\"image\":{\"@type\":\"ImageObject\",\"url\":\"https:\\\/\\\/trader-magazine.com\\\/wp-content\\\/uploads\\\/2026\\\/09\\\/Xiaomi-car.jpeg\",\"@id\":\"https:\\\/\\\/trader-magazine.com\\\/hu\\\/novinky\\\/a-kinai-xiaomi-2027-ben-tervezi-megkezdeni-elektromos-autoinak-ertekesiteset-europaban\\\/#mainImage\",\"width\":1200,\"height\":800,\"caption\":\"Xiaomi car. Source: Adobe Stock\"},\"primaryImageOfPage\":{\"@id\":\"https:\\\/\\\/trader-magazine.com\\\/hu\\\/novinky\\\/a-kinai-xiaomi-2027-ben-tervezi-megkezdeni-elektromos-autoinak-ertekesiteset-europaban\\\/#mainImage\"},\"datePublished\":\"2026-09-04T11:46:15+02:00\",\"dateModified\":\"2026-09-04T11:46:21+02:00\"},{\"@type\":\"WebSite\",\"@id\":\"https:\\\/\\\/trader-magazine.com\\\/hu\\\/#website\",\"url\":\"https:\\\/\\\/trader-magazine.com\\\/hu\\\/\",\"name\":\"Trader Magazine\",\"description\":\"Trader Magazine - Investment magazine - Reviews\",\"inLanguage\":\"hu-HU\",\"publisher\":{\"@id\":\"https:\\\/\\\/trader-magazine.com\\\/hu\\\/#organization\"}}]}\n\t\t<\/script>\n\t\t<!-- All in One SEO Pro -->\r\n\t\t<title>Xiaomi elektromos aut\u00f3k Eur\u00f3p\u00e1ban 2027-t\u0151l<\/title>\n\n","aioseo_head_json":{"title":"Xiaomi elektromos aut\u00f3k Eur\u00f3p\u00e1ban 2027-t\u0151l","description":"A Xiaomi 2027-ben kezdi meg elektromos aut\u00f3inak \u00e9rt\u00e9kes\u00edt\u00e9s\u00e9t Eur\u00f3p\u00e1ban. N\u00e9met partnerekkel \u00e9p\u00edt \u00e9rt\u00e9kes\u00edt\u00e9si \u00e9s szerv\u00edzh\u00e1l\u00f3zatot a pr\u00e9mium szegmensre.","canonical_url":"https:\/\/trader-magazine.com\/hu\/novinky\/a-kinai-xiaomi-2027-ben-tervezi-megkezdeni-elektromos-autoinak-ertekesiteset-europaban\/","robots":"max-image-preview:large","keywords":"","webmasterTools":{"miscellaneous":""},"schema":{"@context":"https:\/\/schema.org","@graph":[{"@type":"Article","@id":"https:\/\/trader-magazine.com\/hu\/novinky\/a-kinai-xiaomi-2027-ben-tervezi-megkezdeni-elektromos-autoinak-ertekesiteset-europaban\/#article","name":"Xiaomi elektromos aut\u00f3k Eur\u00f3p\u00e1ban 2027-t\u0151l","headline":"A k\u00ednai Xiaomi 2027-ben tervezi megkezdeni elektromos aut\u00f3inak \u00e9rt\u00e9kes\u00edt\u00e9s\u00e9t Eur\u00f3p\u00e1ban","author":{"@id":"https:\/\/trader-magazine.com\/hu\/author\/editorialteam\/#author"},"publisher":{"@id":"https:\/\/trader-magazine.com\/hu\/#organization"},"image":{"@type":"ImageObject","url":"https:\/\/trader-magazine.com\/wp-content\/uploads\/2026\/09\/Xiaomi-car.jpeg","width":1200,"height":800,"caption":"Xiaomi car. Source: Adobe Stock"},"datePublished":"2026-09-04T11:46:15+02:00","dateModified":"2026-09-04T11:46:21+02:00","inLanguage":"hu-HU","mainEntityOfPage":{"@id":"https:\/\/trader-magazine.com\/hu\/novinky\/a-kinai-xiaomi-2027-ben-tervezi-megkezdeni-elektromos-autoinak-ertekesiteset-europaban\/#webpage"},"isPartOf":{"@id":"https:\/\/trader-magazine.com\/hu\/novinky\/a-kinai-xiaomi-2027-ben-tervezi-megkezdeni-elektromos-autoinak-ertekesiteset-europaban\/#webpage"},"articleSection":"\u00c9rt\u00e9kel\u00e9sek, Novinky, EU, Europe, gazdas\u00e1g, Optional"},{"@type":"BreadcrumbList","@id":"https:\/\/trader-magazine.com\/hu\/novinky\/a-kinai-xiaomi-2027-ben-tervezi-megkezdeni-elektromos-autoinak-ertekesiteset-europaban\/#breadcrumblist","itemListElement":[{"@type":"ListItem","@id":"https:\/\/trader-magazine.com\/hu\/#listItem","position":1,"name":"Home","item":"https:\/\/trader-magazine.com\/hu\/","nextItem":{"@type":"ListItem","@id":"https:\/\/trader-magazine.com\/cs\/category\/novinky\/#listItem","name":"Novinky"}},{"@type":"ListItem","@id":"https:\/\/trader-magazine.com\/cs\/category\/novinky\/#listItem","position":2,"name":"Novinky","item":"https:\/\/trader-magazine.com\/cs\/category\/novinky\/","nextItem":{"@type":"ListItem","@id":"https:\/\/trader-magazine.com\/hu\/novinky\/a-kinai-xiaomi-2027-ben-tervezi-megkezdeni-elektromos-autoinak-ertekesiteset-europaban\/#listItem","name":"A k\u00ednai Xiaomi 2027-ben tervezi megkezdeni elektromos aut\u00f3inak \u00e9rt\u00e9kes\u00edt\u00e9s\u00e9t Eur\u00f3p\u00e1ban"},"previousItem":{"@type":"ListItem","@id":"https:\/\/trader-magazine.com\/hu\/#listItem","name":"Home"}},{"@type":"ListItem","@id":"https:\/\/trader-magazine.com\/hu\/novinky\/a-kinai-xiaomi-2027-ben-tervezi-megkezdeni-elektromos-autoinak-ertekesiteset-europaban\/#listItem","position":3,"name":"A k\u00ednai Xiaomi 2027-ben tervezi megkezdeni elektromos aut\u00f3inak \u00e9rt\u00e9kes\u00edt\u00e9s\u00e9t Eur\u00f3p\u00e1ban","previousItem":{"@type":"ListItem","@id":"https:\/\/trader-magazine.com\/cs\/category\/novinky\/#listItem","name":"Novinky"}}]},{"@type":"Organization","@id":"https:\/\/trader-magazine.com\/hu\/#organization","name":"Trader-Magazine.com","description":"Mezin\u00e1rodn\u00ed port\u00e1l finan\u010dn\u00edho vzd\u011bl\u00e1v\u00e1n\u00ed se zam\u011b\u0159en\u00edm na investice. V sou\u010dasn\u00e9 dob\u011b vych\u00e1z\u00ed v 6 jazykov\u00fdch verz\u00edch a p\u0159in\u00e1\u0161\u00ed denn\u011b aktualizovan\u00e9 zpr\u00e1vy, recenze, varov\u00e1n\u00ed a vzd\u011bl\u00e1vac\u00ed \u010dl\u00e1nky relevantn\u00ed pro investory z cel\u00e9ho sv\u011bta.","url":"https:\/\/trader-magazine.com\/hu\/","email":"info@trader-magazine.com","logo":{"@type":"ImageObject","url":"https:\/\/trader-magazine.com\/wp-content\/uploads\/2026\/01\/logo_logo4-B-kopie.png","@id":"https:\/\/trader-magazine.com\/hu\/novinky\/a-kinai-xiaomi-2027-ben-tervezi-megkezdeni-elektromos-autoinak-ertekesiteset-europaban\/#organizationLogo","width":1586,"height":555},"image":{"@id":"https:\/\/trader-magazine.com\/hu\/novinky\/a-kinai-xiaomi-2027-ben-tervezi-megkezdeni-elektromos-autoinak-ertekesiteset-europaban\/#organizationLogo"}},{"@type":"Person","@id":"https:\/\/trader-magazine.com\/hu\/author\/editorialteam\/#author","url":"https:\/\/trader-magazine.com\/hu\/author\/editorialteam\/","name":"EditorialTeam","description":"Trader-Magazine.com Editorial Team: Your Guide to the World of Modern Finance The Trader-Magazine.com editorial team consists of seasoned professionals specializing in financial journalism, economic analysis, and financial technology (Fintech). As an independent editorial board, our mission is to deliver objective, high-value insights into the dynamic landscape of global investments, cryptocurrencies, and the digital transformation of the banking sector. In an era where financial markets are being fundamentally reshaped by Artificial Intelligence (AI) and decentralized technologies, our team serves as the essential bridge between complex big data and the individual investor. Our Core Pillars of Expertise To provide comprehensive market coverage, our editorial focus is divided into four strategic pillars:   Capital Markets Analysis: We provide rigorous monitoring of global stock exchanges across the US, Europe, and Asia, with a primary focus on equities, commodities, and ETFs.   Cryptocurrencies and Web3: Our specialists deliver in-depth technical and fundamental analyses of Bitcoin, Ethereum, and the broader blockchain ecosystem.   Fintech and Innovation: We track the structural evolution of the financial sector, ranging from the rise of neobanking to the integration of AI-driven asset management.   Investment Strategy: We offer actionable frameworks for both novice and professional traders, emphasizing sophisticated risk management and long-term portfolio sustainability.   Why Trust Our Insights? The members of our editorial board bring a wealth of experience from leading media outlets (including prominent titles such as Marketing &amp; Media and major economic publications) and hold advanced academic degrees in journalism and economics. At Trader-Magazine.com, our reporting transcends simple numerical data. We prioritize the \"broader context,\" analyzing how macro-economic trends impact everyday life, societal structures, and the global economy. Our Editorial Standards Our work is governed by the principles of factual accuracy, independence, and transparency. Every piece of content undergoes a rigorous multi-stage fact-checking process to ensure it meets the highest standards for premium financial content in the digital age.","knowsLanguage":["Czech","English"],"image":{"@type":"ImageObject","url":"https:\/\/secure.gravatar.com\/avatar\/90e2e1b870a94acbb6e3848e6973e98d07dc176eb667f8d60366eac96e733dd4?s=96&d=mm&r=g"}},{"@type":"WebPage","@id":"https:\/\/trader-magazine.com\/hu\/novinky\/a-kinai-xiaomi-2027-ben-tervezi-megkezdeni-elektromos-autoinak-ertekesiteset-europaban\/#webpage","url":"https:\/\/trader-magazine.com\/hu\/novinky\/a-kinai-xiaomi-2027-ben-tervezi-megkezdeni-elektromos-autoinak-ertekesiteset-europaban\/","name":"Xiaomi elektromos aut\u00f3k Eur\u00f3p\u00e1ban 2027-t\u0151l","description":"A Xiaomi 2027-ben kezdi meg elektromos aut\u00f3inak \u00e9rt\u00e9kes\u00edt\u00e9s\u00e9t Eur\u00f3p\u00e1ban. N\u00e9met partnerekkel \u00e9p\u00edt \u00e9rt\u00e9kes\u00edt\u00e9si \u00e9s szerv\u00edzh\u00e1l\u00f3zatot a pr\u00e9mium szegmensre.","inLanguage":"hu-HU","isPartOf":{"@id":"https:\/\/trader-magazine.com\/hu\/#website"},"breadcrumb":{"@id":"https:\/\/trader-magazine.com\/hu\/novinky\/a-kinai-xiaomi-2027-ben-tervezi-megkezdeni-elektromos-autoinak-ertekesiteset-europaban\/#breadcrumblist"},"author":{"@id":"https:\/\/trader-magazine.com\/hu\/author\/editorialteam\/#author"},"creator":{"@id":"https:\/\/trader-magazine.com\/hu\/author\/editorialteam\/#author"},"image":{"@type":"ImageObject","url":"https:\/\/trader-magazine.com\/wp-content\/uploads\/2026\/09\/Xiaomi-car.jpeg","@id":"https:\/\/trader-magazine.com\/hu\/novinky\/a-kinai-xiaomi-2027-ben-tervezi-megkezdeni-elektromos-autoinak-ertekesiteset-europaban\/#mainImage","width":1200,"height":800,"caption":"Xiaomi car. Source: Adobe Stock"},"primaryImageOfPage":{"@id":"https:\/\/trader-magazine.com\/hu\/novinky\/a-kinai-xiaomi-2027-ben-tervezi-megkezdeni-elektromos-autoinak-ertekesiteset-europaban\/#mainImage"},"datePublished":"2026-09-04T11:46:15+02:00","dateModified":"2026-09-04T11:46:21+02:00"},{"@type":"WebSite","@id":"https:\/\/trader-magazine.com\/hu\/#website","url":"https:\/\/trader-magazine.com\/hu\/","name":"Trader Magazine","description":"Trader Magazine - Investment magazine - Reviews","inLanguage":"hu-HU","publisher":{"@id":"https:\/\/trader-magazine.com\/hu\/#organization"}}]},"og:locale":"hu_HU","og:site_name":"ForexMag","og:type":"article","og:title":"Xiaomi elektromos aut\u00f3k Eur\u00f3p\u00e1ban 2027-t\u0151l","og:description":"A Xiaomi 2027-ben kezdi meg elektromos aut\u00f3inak \u00e9rt\u00e9kes\u00edt\u00e9s\u00e9t Eur\u00f3p\u00e1ban. N\u00e9met partnerekkel \u00e9p\u00edt \u00e9rt\u00e9kes\u00edt\u00e9si \u00e9s szerv\u00edzh\u00e1l\u00f3zatot a pr\u00e9mium szegmensre.","og:url":"https:\/\/trader-magazine.com\/hu\/novinky\/a-kinai-xiaomi-2027-ben-tervezi-megkezdeni-elektromos-autoinak-ertekesiteset-europaban\/","article:published_time":"2026-09-04T09:46:15+00:00","article:modified_time":"2026-09-04T09:46:21+00:00","twitter:card":"summary","twitter:title":"Xiaomi elektromos aut\u00f3k Eur\u00f3p\u00e1ban 2027-t\u0151l","twitter:description":"A Xiaomi 2027-ben kezdi meg elektromos aut\u00f3inak \u00e9rt\u00e9kes\u00edt\u00e9s\u00e9t Eur\u00f3p\u00e1ban. N\u00e9met partnerekkel \u00e9p\u00edt \u00e9rt\u00e9kes\u00edt\u00e9si \u00e9s szerv\u00edzh\u00e1l\u00f3zatot a pr\u00e9mium szegmensre."},"aioseo_meta_data":{"post_id":"88864","title":"Xiaomi elektromos aut\u00f3k Eur\u00f3p\u00e1ban 2027-t\u0151l","description":"A Xiaomi 2027-ben kezdi meg elektromos aut\u00f3inak \u00e9rt\u00e9kes\u00edt\u00e9s\u00e9t Eur\u00f3p\u00e1ban. N\u00e9met partnerekkel \u00e9p\u00edt \u00e9rt\u00e9kes\u00edt\u00e9si \u00e9s szerv\u00edzh\u00e1l\u00f3zatot a pr\u00e9mium szegmensre.","keywords":null,"keyphrases":{"focus":{"keyphrase":"Xiaomi","score":0,"analysis":[]},"additional":[]},"primary_term":null,"canonical_url":null,"og_title":null,"og_description":null,"og_object_type":"default","og_image_type":"default","og_image_url":null,"og_image_width":null,"og_image_height":null,"og_image_custom_url":null,"og_image_custom_fields":null,"og_video":"","og_custom_url":null,"og_article_section":null,"og_article_tags":null,"twitter_use_og":false,"twitter_card":"default","twitter_image_type":"default","twitter_image_url":null,"twitter_image_custom_url":null,"twitter_image_custom_fields":null,"twitter_title":null,"twitter_description":null,"schema":{"blockGraphs":[],"customGraphs":[],"default":{"data":{"Article":[],"Course":[],"Dataset":[],"FAQPage":[],"Movie":[],"Person":[],"Product":[],"ProductReview":[],"Car":[],"Recipe":[],"Service":[],"SoftwareApplication":[],"WebPage":[]},"graphName":"Article","isEnabled":true},"graphs":[]},"schema_type":"default","schema_type_options":null,"pillar_content":false,"robots_default":true,"robots_noindex":false,"robots_noarchive":false,"robots_nosnippet":false,"robots_nofollow":false,"robots_noimageindex":false,"robots_noodp":false,"robots_notranslate":false,"robots_max_snippet":"-1","robots_max_videopreview":"-1","robots_max_imagepreview":"large","priority":null,"frequency":"default","local_seo":null,"seo_analyzer_scan_date":"2026-09-04 09:47:51","breadcrumb_settings":null,"limit_modified_date":false,"reviewed_by":"0","open_ai":null,"ai":{"faqs":[],"keyPoints":[],"schemas":[],"titles":[],"descriptions":[],"socialPosts":{"email":{"subject":"","preview":"","content":""},"linkedin":[],"twitter":[],"facebook":[],"instagram":[]}},"created":"2026-09-04 09:38:44","updated":"2026-09-04 09:47:53","focus_keyword":"Xiaomi","additional_keywords":null,"truseo_locale":null},"aioseo_breadcrumb":"<div class=\"aioseo-breadcrumbs\"><span class=\"aioseo-breadcrumb\">\n\t<a href=\"https:\/\/trader-magazine.com\/hu\/\" title=\"Home\">Home<\/a>\n<\/span><span class=\"aioseo-breadcrumb-separator\">\u00bb<\/span><span class=\"aioseo-breadcrumb\">\n\t<a href=\"https:\/\/trader-magazine.com\/cs\/category\/novinky\/\" title=\"Novinky\">Novinky<\/a>\n<\/span><span class=\"aioseo-breadcrumb-separator\">\u00bb<\/span><span class=\"aioseo-breadcrumb\">\n\tA k\u00ednai Xiaomi 2027-ben tervezi megkezdeni elektromos aut\u00f3inak \u00e9rt\u00e9kes\u00edt\u00e9s\u00e9t Eur\u00f3p\u00e1ban\n<\/span><\/div>","aioseo_breadcrumb_json":[{"label":"Home","link":"https:\/\/trader-magazine.com\/hu\/"},{"label":"Novinky","link":"https:\/\/trader-magazine.com\/cs\/category\/novinky\/"},{"label":"A k\u00ednai Xiaomi 2027-ben tervezi megkezdeni elektromos aut\u00f3inak \u00e9rt\u00e9kes\u00edt\u00e9s\u00e9t Eur\u00f3p\u00e1ban","link":"https:\/\/trader-magazine.com\/hu\/novinky\/a-kinai-xiaomi-2027-ben-tervezi-megkezdeni-elektromos-autoinak-ertekesiteset-europaban\/"}],"yasr_visitor_votes":{"stars_attributes":{"read_only":false,"span_bottom":false},"number_of_votes":0,"sum_votes":0},"aioseo_meta":{"seo_title":"Xiaomi elektromos aut\u00f3k Eur\u00f3p\u00e1ban 2027-t\u0151l","meta_description":"A Xiaomi 2027-ben kezdi meg elektromos aut\u00f3inak \u00e9rt\u00e9kes\u00edt\u00e9s\u00e9t Eur\u00f3p\u00e1ban. N\u00e9met partnerekkel \u00e9p\u00edt \u00e9rt\u00e9kes\u00edt\u00e9si \u00e9s szerv\u00edzh\u00e1l\u00f3zatot a pr\u00e9mium szegmensre.","focus_keyword":"Xiaomi"},"_links":{"self":[{"href":"https:\/\/trader-magazine.com\/hu\/wp-json\/wp\/v2\/posts\/88864","targetHints":{"allow":["GET"]}}],"collection":[{"href":"https:\/\/trader-magazine.com\/hu\/wp-json\/wp\/v2\/posts"}],"about":[{"href":"https:\/\/trader-magazine.com\/hu\/wp-json\/wp\/v2\/types\/post"}],"author":[{"embeddable":true,"href":"https:\/\/trader-magazine.com\/hu\/wp-json\/wp\/v2\/users\/44"}],"replies":[{"embeddable":true,"href":"https:\/\/trader-magazine.com\/hu\/wp-json\/wp\/v2\/comments?post=88864"}],"version-history":[{"count":1,"href":"https:\/\/trader-magazine.com\/hu\/wp-json\/wp\/v2\/posts\/88864\/revisions"}],"predecessor-version":[{"id":88871,"href":"https:\/\/trader-magazine.com\/hu\/wp-json\/wp\/v2\/posts\/88864\/revisions\/88871"}],"wp:featuredmedia":[{"embeddable":true,"href":"https:\/\/trader-magazine.com\/hu\/wp-json\/wp\/v2\/media\/88851"}],"wp:attachment":[{"href":"https:\/\/trader-magazine.com\/hu\/wp-json\/wp\/v2\/media?parent=88864"}],"wp:term":[{"taxonomy":"category","embeddable":true,"href":"https:\/\/trader-magazine.com\/hu\/wp-json\/wp\/v2\/categories?post=88864"},{"taxonomy":"post_tag","embeddable":true,"href":"https:\/\/trader-magazine.com\/hu\/wp-json\/wp\/v2\/tags?post=88864"}],"curies":[{"name":"wp","href":"https:\/\/api.w.org\/{rel}","templated":true}]}}