{"id":88792,"date":"2026-09-02T11:25:31","date_gmt":"2026-09-02T09:25:31","guid":{"rendered":"https:\/\/trader-magazine.com\/?p=88792"},"modified":"2026-09-02T11:25:31","modified_gmt":"2026-09-02T09:25:31","slug":"a-legjobb-befektetesi-szektorok-2026-ban-7-iparag-amelyek-strukturalis-novekedesre-vannak-beallitva","status":"publish","type":"post","link":"https:\/\/trader-magazine.com\/hu\/stock-market\/a-legjobb-befektetesi-szektorok-2026-ban-7-iparag-amelyek-strukturalis-novekedesre-vannak-beallitva\/","title":{"rendered":"A legjobb befektet\u00e9si szektorok 2026-ban: 7 ipar\u00e1g, amelyek struktur\u00e1lis n\u00f6veked\u00e9sre vannak be\u00e1ll\u00edtva"},"content":{"rendered":"\n<p class=\"wp-block-paragraph\">A <strong>legjobb szektorok kiv\u00e1laszt\u00e1sa 2026-ban val\u00f3 befektet\u00e9shez<\/strong> t\u00f6bbet ig\u00e9nyel, mint a tavalyi t\u0151zsdei nyertesek megtekint\u00e9s\u00e9t. A glob\u00e1lis gazdas\u00e1g olyan id\u0151szakba l\u00e9p, amelyben a viszonylag szer\u00e9ny \u00e1ltal\u00e1nos gazdas\u00e1gi n\u00f6veked\u00e9st szokatlanul er\u0151s beruh\u00e1z\u00e1si ciklusok k\u00eds\u00e9rik a mesters\u00e9ges intelligencia, f\u00e9lvezet\u0151k, villamosenergia-infrastrukt\u00fara, kiberbiztons\u00e1g, automatiz\u00e1l\u00e1s \u00e9s v\u00e9delmi ipar ter\u00e9n.<\/p>\n\n\n\n<p class=\"wp-block-paragraph\">A <a href=\"https:\/\/www.imf.org\/en\/publications\/weo\/issues\/2026\/07\/08\/world-economic-outlook-update-july-2026?cid=ca-com-homepage-WEOET2026004&amp;utm_source=chatgpt.com\">Nemzetk\u00f6zi Valutaalap 2026. j\u00faliusi Glob\u00e1lis Gazdas\u00e1gi Kil\u00e1t\u00e1sok Friss\u00edt\u00e9se<\/a> szerint a glob\u00e1lis GDP v\u00e1rhat\u00f3an <strong>3,0%-kal n\u0151 2026-ban \u00e9s 3,4%-kal 2027-ben<\/strong>. Ugyanakkor a glob\u00e1lis \u00e1tfog\u00f3 infl\u00e1ci\u00f3 el\u0151rejelz\u00e9se k\u00f6r\u00fclbel\u00fcl 4,7% 2026-ban, m\u00edg az IMF szerint a glob\u00e1lis dezinfl\u00e1ci\u00f3s folyamat megtorpant. A befektet\u0151k sz\u00e1m\u00e1ra m\u00e9g fontosabb, hogy az int\u00e9zm\u00e9ny szerint a jelenlegi gazdas\u00e1gi k\u00f6rnyezetet k\u00e9t, ellent\u00e9tes ir\u00e1nyban hat\u00f3 hatalmas er\u0151 alak\u00edtja: az egyik oldalon a geopolitikai \u00e9s energi\u00e1val kapcsolatos zavarok, a m\u00e1sik oldalon pedig a technol\u00f3gia \u00e1ltal vez\u00e9relt beruh\u00e1z\u00e1si fellend\u00fcl\u00e9s.<\/p>\n\n\n\n<p class=\"wp-block-paragraph\">Ez a k\u00f6rnyezet ink\u00e1bb a szelekt\u00edv szektorallok\u00e1ci\u00f3t r\u00e9szes\u00edti el\u0151nyben, mintsem a sz\u00e9les k\u00f6r\u0171 gazdas\u00e1gi expanzi\u00f3ra val\u00f3 egyszer\u0171 fogad\u00e1st. Egyes ipar\u00e1gak j\u00f3val gyorsabban n\u00f6vekednek, mint az \u00e1ltal\u00e1nos gazdas\u00e1g, mivel a korm\u00e1nyok \u00e9s v\u00e1llalatok nem halaszthatj\u00e1k el k\u00f6nnyen a sz\u00e1m\u00edt\u00e1stechnikai infrastrukt\u00far\u00e1ra, energiarendszerekre, digit\u00e1lis biztons\u00e1gra vagy v\u00e9delemre ford\u00edtott kiad\u00e1sokat.<\/p>\n\n\n\n<p class=\"wp-block-paragraph\">A mesters\u00e9ges intelligencia chipeket, adatk\u00f6zpontokat \u00e9s villamos energi\u00e1t ig\u00e9nyel. A digitaliz\u00e1ci\u00f3 \u00faj kiberbiztons\u00e1gi kock\u00e1zatokat hoz l\u00e9tre. A magasabb munkaer\u0151k\u00f6lts\u00e9gek \u00e9s demogr\u00e1fiai v\u00e1ltoz\u00e1sok t\u00e1mogatj\u00e1k az automatiz\u00e1l\u00e1st. A geopolitikai bizonytalans\u00e1g n\u00f6veli a katonai kiad\u00e1sokat, mik\u00f6zben a biotechnol\u00f3gia tov\u00e1bbra is profit\u00e1l a genomika, prec\u00edzi\u00f3s orvosl\u00e1s \u00e9s sz\u00e1m\u00edt\u00f3g\u00e9pes gy\u00f3gyszerfejleszt\u00e9s ter\u00e9n el\u00e9rt el\u0151rel\u00e9p\u00e9sekb\u0151l.<\/p>\n\n\n\n<p class=\"wp-block-paragraph\">A <strong>legjobb szektorokat 2026-ban<\/strong> keres\u0151 befektet\u0151k sz\u00e1m\u00e1ra a leger\u0151sebb lehet\u0151s\u00e9gek teh\u00e1t ott rejlenek, ahol a technol\u00f3giai disruption, a fizikai infrastrukt\u00fara-beruh\u00e1z\u00e1sok \u00e9s a korm\u00e1nyzati politika k\u00f6lcs\u00f6n\u00f6sen er\u0151s\u00edtik egym\u00e1st.<\/p>\n\n\n\n<h2 class=\"wp-block-heading\">Legjobb szektorok 2026-ban val\u00f3 befektet\u00e9shez: N\u00f6veked\u00e9si kil\u00e1t\u00e1sok<\/h2>\n\n\n\n<p class=\"wp-block-paragraph\">Legjobb szektorok 2026-ban val\u00f3 befektet\u00e9shez \u2013 Az al\u00e1bbi t\u00e1bl\u00e1zat h\u00e9t, k\u00fcl\u00f6n\u00f6sen er\u0151s struktur\u00e1lis n\u00f6veked\u00e9si trendekkel t\u00e1mogatott szektort hasonl\u00edt \u00f6ssze. Fontos, hogy a CAGR-sz\u00e1mok az alapul szolg\u00e1l\u00f3 ipar\u00e1g, piac vagy kiad\u00e1si kateg\u00f3ria el\u0151rejelz\u00e9seit jelentik. Ezek <strong>nem a j\u00f6v\u0151beli t\u0151zsdepiaci hozamok el\u0151rejelz\u00e9sei<\/strong>.<\/p>\n\n\n\n<figure class=\"wp-block-table\"><table class=\"has-fixed-layout\"><thead><tr><th>Szektor<\/th><th>Reprezentat\u00edv piac<\/th><th>V\u00e1rhat\u00f3 CAGR<\/th><th>El\u0151rejelz\u00e9si id\u0151szak<\/th><th>F\u0151 n\u00f6veked\u00e9si hajt\u00f3er\u0151<\/th><\/tr><\/thead><tbody><tr><td>Mesters\u00e9ges intelligencia<\/td><td>Glob\u00e1lis AI-kiad\u00e1sok<\/td><td>~29%<\/td><td>2024\u20132028<\/td><td>Generat\u00edv AI, felh\u0151infrastrukt\u00fara, v\u00e1llalati alkalmaz\u00e1s<\/td><\/tr><tr><td>F\u00e9lvezet\u0151k<\/td><td>Glob\u00e1lis f\u00e9lvezet\u0151piac<\/td><td>10,6%<\/td><td>2026\u20132034<\/td><td>AI-sz\u00e1m\u00edt\u00e1stechnika, mem\u00f3ria, h\u00e1l\u00f3zatok, adatk\u00f6zpontok<\/td><\/tr><tr><td>Kiberbiztons\u00e1g<\/td><td>Inform\u00e1ci\u00f3biztons\u00e1gi kiad\u00e1sok<\/td><td>10,0%<\/td><td>2024\u20132029<\/td><td>AI-fenyeget\u00e9sek, felh\u0151biztons\u00e1g, szab\u00e1lyoz\u00e1s<\/td><\/tr><tr><td>H\u00e1l\u00f3zati l\u00e9pt\u00e9k\u0171 energiat\u00e1rol\u00e1s<\/td><td>H\u00e1l\u00f3zati l\u00e9pt\u00e9k\u0171 akkumul\u00e1torpiac<\/td><td>20,4%<\/td><td>2025\u20132030<\/td><td>Meg\u00fajul\u00f3k, adatk\u00f6zpontok, h\u00e1l\u00f3zati rugalmass\u00e1g<\/td><\/tr><tr><td>Ipari automatiz\u00e1l\u00e1s<\/td><td>Gy\u00e1ri automatiz\u00e1l\u00e1si piac<\/td><td>11,1%<\/td><td>2025\u20132030<\/td><td>Munkaer\u0151hi\u00e1ny, visszatelep\u00edt\u00e9s, termel\u00e9kenys\u00e9g<\/td><\/tr><tr><td>Biotechnol\u00f3gia<\/td><td>Glob\u00e1lis biotechnol\u00f3giai piac<\/td><td>14,1%<\/td><td>2024\u20132030<\/td><td>Genomika, prec\u00edzi\u00f3s orvosl\u00e1s, bioinformatika<\/td><\/tr><tr><td>V\u00e9delmi technol\u00f3gia<\/td><td>Katonai dr\u00f3npiac<\/td><td>13,6%<\/td><td>2025\u20132030<\/td><td>\u00dajrafegyverkez\u00e9s, auton\u00f3m fegyverek, geopolitikai kock\u00e1zat<\/td><\/tr><\/tbody><\/table><\/figure>\n\n\n\n<p class=\"wp-block-paragraph\">Az el\u0151rejelz\u00e9sek az <a href=\"https:\/\/info.idc.com\/rs\/081-ATC-910\/images\/DA-Market-Primer-AI-and-GenAI.pdf?utm_source=chatgpt.com\">IDC mesters\u00e9ges intelligenci\u00e1ra<\/a> vonatkoz\u00f3, a <a href=\"https:\/\/www.fortunebusinessinsights.com\/semiconductor-market-102365?utm_source=chatgpt.com\">Fortune Business Insights f\u00e9lvezet\u0151kre<\/a> vonatkoz\u00f3, a <a href=\"https:\/\/www.gartner.com\/en\/documents\/6998666?utm_source=chatgpt.com\">Gartner kiberbiztons\u00e1gi<\/a>, a <a href=\"https:\/\/www.grandviewresearch.com\/horizon\/statistics\/battery-market\/end-use\/grid-scale-energy-storage\/global?utm_source=chatgpt.com\">Grand View Research energiat\u00e1rol\u00e1sra<\/a>, <a href=\"https:\/\/www.grandviewresearch.com\/industry-analysis\/factory-automation-market-report?utm_source=chatgpt.com\">gy\u00e1ri automatiz\u00e1l\u00e1sra<\/a> \u00e9s <a href=\"https:\/\/www.grandviewresearch.com\/horizon\/outlook\/biotechnology-market-size\/global?utm_source=chatgpt.com\">biotechnol\u00f3gi\u00e1ra<\/a> vonatkoz\u00f3 piaci kil\u00e1t\u00e1sain, valamint a <a href=\"https:\/\/www.technavio.com\/report\/military-drone-market-analysis?utm_source=chatgpt.com\">Technavio katonai dr\u00f3nokra vonatkoz\u00f3 el\u0151rejelz\u00e9s\u00e9n<\/a> alapulnak. A k\u00fcl\u00f6nb\u00f6z\u0151 kutat\u00f3c\u00e9gek elt\u00e9r\u0151 piaci defin\u00edci\u00f3kat \u00e9s m\u00f3dszertanokat alkalmaznak, ez\u00e9rt az adatokat els\u0151sorban a hossz\u00fa t\u00e1v\u00fa ipar\u00e1gi trendek relat\u00edv erej\u00e9nek mutat\u00f3ik\u00e9nt kell \u00e9rtelmezni.<\/p>\n\n\n\n<h3 class=\"wp-block-heading\">Olvassa el m\u00e9g: <a href=\"https:\/\/trader-magazine.com\/hu\/academy\/ai-platform-attekintes-hogyan-hasznaljuk-az-ai-t-penzugyi-kutatasokhoz-es-a-legjobb-ai-penzugyi-eszkozok-2026-ban\/\" title=\"Use AI Platform Overview: How to Use AI for Financial Research and the Best AI Financial Tools in 2026\">Use AI Platform \u00e1ttekint\u00e9s: Hogyan haszn\u00e1ljuk az AI-t p\u00e9nz\u00fcgyi kutat\u00e1shoz \u00e9s a legjobb AI p\u00e9nz\u00fcgyi eszk\u00f6z\u00f6k 2026-ban<\/a><\/h3>\n\n\n\n<h2 class=\"wp-block-heading\">1. Mesters\u00e9ges intelligencia: A 2026-os \u00e9v meghat\u00e1roz\u00f3 beruh\u00e1z\u00e1si ciklusa<\/h2>\n\n\n\n<p class=\"wp-block-paragraph\">A mesters\u00e9ges intelligencia tov\u00e1bbra is tal\u00e1n a legnyilv\u00e1nval\u00f3bb jel\u00f6lt a <strong>legjobb szektorok k\u00f6z\u00f6tt 2026-ban val\u00f3 befektet\u00e9shez<\/strong>, de a befektet\u00e9si lehet\u0151s\u00e9g j\u00f3val t\u00falmutat a nagy nyelvi modelleket fejleszt\u0151 v\u00e1llalatokon.<\/p>\n\n\n\n<p class=\"wp-block-paragraph\">Az <a href=\"https:\/\/info.idc.com\/rs\/081-ATC-910\/images\/DA-Market-Primer-AI-and-GenAI.pdf?utm_source=chatgpt.com\">IDC glob\u00e1lis AI-kiad\u00e1sokra vonatkoz\u00f3 el\u0151rejelz\u00e9se<\/a> szerint a szervezetek v\u00e1rhat\u00f3an k\u00f6r\u00fclbel\u00fcl 235 milli\u00e1rd doll\u00e1rt k\u00f6lt\u00f6ttek AI-ra 2024-ben, \u00e9s a kiad\u00e1sok el\u0151rel\u00e1that\u00f3lag meghaladj\u00e1k a <strong>630 milli\u00e1rd doll\u00e1rt 2028-ra<\/strong>. Ez k\u00f6r\u00fclbel\u00fcl <strong>29%-os<\/strong> CAGR-t jelent. A generat\u00edv AI v\u00e1rhat\u00f3an m\u00e9g gyorsabban n\u00f6vekszik, \u00e9s 2028-ra az \u00f6sszes AI-beruh\u00e1z\u00e1s k\u00f6zel egyharmad\u00e1t k\u00e9pviselheti.<\/p>\n\n\n\n<p class=\"wp-block-paragraph\">A befektet\u0151k sz\u00e1m\u00e1ra a fontos fejlem\u00e9ny az, hogy az AI-kiad\u00e1sok egyre ink\u00e1bb a szoftveres k\u00eds\u00e9rletez\u00e9sr\u0151l a fizikai t\u0151kekiad\u00e1sokra helyez\u0151dnek \u00e1t.<\/p>\n\n\n\n<p class=\"wp-block-paragraph\">Az egyre kifinomultabb AI-modellek betan\u00edt\u00e1sa \u00e9s \u00fczemeltet\u00e9se adatk\u00f6zpontokat, h\u00e1l\u00f3zati berendez\u00e9seket, fejlett h\u0171t\u00e9st, elektromos infrastrukt\u00far\u00e1t, speci\u00e1lis f\u00e9lvezet\u0151ket \u00e9s hatalmas mennyis\u00e9g\u0171 villamos energi\u00e1t ig\u00e9nyel.<\/p>\n\n\n\n<p class=\"wp-block-paragraph\">A <a href=\"https:\/\/www.iea.org\/reports\/key-questions-on-energy-and-ai\/executive-summary?utm_source=chatgpt.com\">Nemzetk\u00f6zi Energia\u00fcgyn\u00f6ks\u00e9g 2026-os energi\u00e1r\u00f3l \u00e9s AI-r\u00f3l sz\u00f3l\u00f3 elemz\u00e9se<\/a> becsl\u00e9se szerint a glob\u00e1lis adatk\u00f6zponti villamosenergia-fogyaszt\u00e1s nagyj\u00e1b\u00f3l megdupl\u00e1z\u00f3dhat, <strong>485 TWh-r\u00f3l 2025-ben k\u00f6r\u00fclbel\u00fcl 950 TWh-ra 2030-ban<\/strong>. Az AI-k\u00f6zpont\u00fa adatk\u00f6zpontok villamosenergia-fogyaszt\u00e1sa v\u00e1rhat\u00f3an megh\u00e1romszoroz\u00f3dik ugyanezen id\u0151szak alatt.<\/p>\n\n\n\n<p class=\"wp-block-paragraph\">Az \u00e9rintett t\u0151ke mennyis\u00e9ge rendk\u00edv\u00fcliv\u00e9 v\u00e1lik. Az IEA becsl\u00e9se szerint mind\u00f6ssze \u00f6t nagy technol\u00f3giai v\u00e1llalat t\u0151kekiad\u00e1sa meghaladta a <strong>400 milli\u00e1rd doll\u00e1rt 2025-ben<\/strong>, \u00e9s 2026-ban tov\u00e1bbi 75%-kal n\u00f6vekedhet.<\/p>\n\n\n\n<p class=\"wp-block-paragraph\">Ez t\u00f6bb r\u00e9teg\u0171 potenci\u00e1lis AI-kitetts\u00e9get hoz l\u00e9tre.<\/p>\n\n\n\n<p class=\"wp-block-paragraph\">Az els\u0151 az AI-modelleket, szoftvereket \u00e9s felh\u0151szolg\u00e1ltat\u00e1sokat fejleszt\u0151 v\u00e1llalatok k\u00f6r\u00e9b\u0151l \u00e1ll. A m\u00e1sodik mag\u00e1ban foglalja a f\u00e9lvezet\u0151-tervez\u0151ket, \u00f6nt\u00f6d\u00e9ket \u00e9s mem\u00f3riagy\u00e1rt\u00f3kat. A harmadik a kev\u00e9sb\u00e9 l\u00e1that\u00f3 infrastrukt\u00fara-v\u00e1llalatokb\u00f3l \u00e1ll, amelyek transzform\u00e1torokat, h\u0171t\u0151rendszereket, h\u00e1l\u00f3zati berendez\u00e9seket, teljes\u00edtm\u00e9nyelektronik\u00e1t \u00e9s villamos energi\u00e1t sz\u00e1ll\u00edtanak.<\/p>\n\n\n\n<p class=\"wp-block-paragraph\">Ez a megk\u00fcl\u00f6nb\u00f6ztet\u00e9s egyre fontosabb\u00e1 v\u00e1lhat, mivel az AI-szektor egyes r\u00e9szein az \u00e9rt\u00e9kel\u00e9sek m\u00e1r hatalmas elv\u00e1r\u00e1sokat t\u00fckr\u00f6znek. Ahelyett, hogy az AI-t egyetlen \u00fcgyletk\u00e9nt kezeln\u00e9k, a befektet\u0151k potenci\u00e1lisan az eg\u00e9sz \u00e9rt\u00e9kl\u00e1ncon kereszt\u00fcl kereshetnek olyan v\u00e1llalkoz\u00e1sokat, amelyek a n\u00f6vekv\u0151 sz\u00e1m\u00edt\u00e1stechnikai ig\u00e9nyekb\u0151l profit\u00e1lhatnak.<\/p>\n\n\n\n<h2 class=\"wp-block-heading\">2. F\u00e9lvezet\u0151k: Az AI-gazdas\u00e1g hardvere<\/h2>\n\n\n\n<p class=\"wp-block-paragraph\">Ha a mesters\u00e9ges intelligencia az \u00e9vtized meghat\u00e1roz\u00f3 technol\u00f3giai beruh\u00e1z\u00e1si ciklusa, akkor a f\u00e9lvezet\u0151k annak fizikai alapja.<\/p>\n\n\n\n<p class=\"wp-block-paragraph\">Az ipar\u00e1g kiv\u00e9telesen er\u0151s lend\u00fclettel l\u00e9pett be 2026-ba. A <a href=\"https:\/\/www.gartner.com\/en\/newsroom\/press-releases\/2026-08-24-gartner-forecasts-worldwide-semiconductor-revenue-to-reach-1-trillion-dollars-in-2026?utm_source=chatgpt.com\">Gartner 2026. augusztusi el\u0151rejelz\u00e9se<\/a> szerint a vil\u00e1gm\u00e9ret\u0171 f\u00e9lvezet\u0151bev\u00e9tel v\u00e1rhat\u00f3an el\u00e9ri a k\u00f6r\u00fclbel\u00fcl <strong>1,6 billi\u00f3 doll\u00e1rt 2026-ban<\/strong>, ami rendk\u00edv\u00fcli, 92%-os n\u00f6veked\u00e9s a 2025-\u00f6s 809 milli\u00e1rd doll\u00e1rhoz k\u00e9pest. A bev\u00e9tel tov\u00e1bb emelkedhet k\u00f6r\u00fclbel\u00fcl 1,9 billi\u00f3 doll\u00e1rra 2027-ben.<\/p>\n\n\n\n<p class=\"wp-block-paragraph\">Ennek a felgyorsul\u00e1snak egy r\u00e9sz\u00e9t a szokatlanul er\u0151s mem\u00f3ria\u00e1rak hajtj\u00e1k, ami azt jelenti, hogy a befektet\u0151knek nem szabad elv\u00e1rniuk, hogy a 2026-os n\u00f6veked\u00e9si \u00fctem a v\u00e9gtelens\u00e9gig folytat\u00f3djon.<\/p>\n\n\n\n<p class=\"wp-block-paragraph\">A hosszabb t\u00e1v\u00fa el\u0151rejelz\u00e9sek ennek ellen\u00e9re leny\u0171g\u00f6z\u0151ek maradnak. A <a href=\"https:\/\/www.fortunebusinessinsights.com\/semiconductor-market-102365?utm_source=chatgpt.com\">Fortune Business Insights el\u0151rejelz\u00e9se szerint<\/a> a glob\u00e1lis f\u00e9lvezet\u0151piac k\u00f6r\u00fclbel\u00fcl 660 milli\u00e1rd doll\u00e1rr\u00f3l 2026-ban csaknem <strong>1,48 billi\u00f3 doll\u00e1rra n\u0151het 2034-re<\/strong>, ami <strong>10,6%-os<\/strong> CAGR-t jelent.<\/p>\n\n\n\n<p class=\"wp-block-paragraph\">A befektet\u00e9si lehet\u0151s\u00e9g szint\u00e9n j\u00f3val t\u00falmutat a GPU-kon.<\/p>\n\n\n\n<p class=\"wp-block-paragraph\">A nagys\u00e1vsz\u00e9less\u00e9g\u0171 mem\u00f3ria, fejlett csomagol\u00e1s, f\u00e9lvezet\u0151gy\u00e1rt\u00f3 berendez\u00e9sek, \u00f6nt\u00f6d\u00e9k, h\u00e1l\u00f3zati chipek, optikai \u00f6sszekapcsol\u00f3k \u00e9s energiakezel\u00e9si komponensek mind r\u00e9szt vesznek az AI-infrastrukt\u00fara ciklusban.<\/p>\n\n\n\n<p class=\"wp-block-paragraph\">A Gartner becsl\u00e9se szerint az AI adatk\u00f6zponti alkalmaz\u00e1sok t\u00f6bb mint <strong>53%-\u00e1t k\u00e9pviselhetik a f\u00e9lvezet\u0151ipar bev\u00e9tel\u00e9nek 2030-ra<\/strong>, szemben a 2026-os k\u00f6r\u00fclbel\u00fcl 36,5%-kal.<\/p>\n\n\n\n<p class=\"wp-block-paragraph\">Az els\u0151dleges kock\u00e1zat a f\u00e9lvezet\u0151ipar t\u00f6rt\u00e9nelmileg ciklikus jellege. A k\u00edn\u00e1lathi\u00e1nyos \u00e9s \u00e1remelked\u00e9ses id\u0151szakokat gyakran t\u00falkapacit\u00e1s \u00e9s cs\u00f6kken\u0151 haszonkulcsok k\u00f6vetik. A befektet\u0151knek ez\u00e9rt k\u00fcl\u00f6nbs\u00e9get kell tenni\u00fck az \u00e1tmeneti \u00e1raz\u00e1si felt\u00e9telekb\u0151l profit\u00e1l\u00f3 v\u00e1llalatok \u00e9s a glob\u00e1lis sz\u00e1m\u00edt\u00e1stechnikai intenzit\u00e1s hossz\u00fa t\u00e1v\u00fa n\u00f6veked\u00e9s\u00e9hez fenntarthat\u00f3 kitetts\u00e9ggel rendelkez\u0151 v\u00e1llalkoz\u00e1sok k\u00f6z\u00f6tt.<\/p>\n\n\n\n<h2 class=\"wp-block-heading\">3. Kiberbiztons\u00e1g: A digit\u00e1lis n\u00f6veked\u00e9s digit\u00e1lis kock\u00e1zatot teremt<\/h2>\n\n\n\n<p class=\"wp-block-paragraph\">A kiberbiztons\u00e1g egyre ink\u00e1bb infrastrukt\u00far\u00e1v\u00e1 v\u00e1lik, nem pedig diszkrecion\u00e1lis v\u00e1llalati technol\u00f3giai kiad\u00e1ss\u00e1.<\/p>\n\n\n\n<p class=\"wp-block-paragraph\">Min\u00e9l t\u00f6bb v\u00e1llalat helyezi \u00e1t adatait a felh\u0151be, vezet be mesters\u00e9ges intelligencia rendszereket \u00e9s k\u00f6ti \u00f6ssze ipari berendez\u00e9seit digit\u00e1lis h\u00e1l\u00f3zatokkal, ann\u00e1l nagyobb lesz a potenci\u00e1lis t\u00e1mad\u00e1si fel\u00fclet. A mesters\u00e9ges intelligencia egyidej\u0171leg jav\u00edtja a v\u00e9delmi kiberv\u00e9delmi technol\u00f3gi\u00e1kat, \u00e9s \u00faj eszk\u00f6z\u00f6ket ad a t\u00e1mad\u00f3k kez\u00e9be az automatiz\u00e1lt csal\u00e1shoz, adathal\u00e1szathoz, rosszindulat\u00fa programok fejleszt\u00e9s\u00e9hez \u00e9s social engineeringhez.<\/p>\n\n\n\n<p class=\"wp-block-paragraph\">A <a href=\"https:\/\/www.gartner.com\/en\/documents\/6998666?utm_source=chatgpt.com\">Gartner inform\u00e1ci\u00f3biztons\u00e1gi el\u0151rejelz\u00e9se<\/a> szerint a vil\u00e1g biztons\u00e1gi kiad\u00e1sai v\u00e1rhat\u00f3an el\u00e9rik a k\u00f6r\u00fclbel\u00fcl <strong>244 milli\u00e1rd doll\u00e1rt 2026-ban<\/strong>, ami 11,6%-os n\u00f6veked\u00e9st jelent \u00e1lland\u00f3 \u00e1rfolyamon. A piac 2029-re el\u00e9rheti a 322 milli\u00e1rd doll\u00e1rt, ami k\u00f6r\u00fclbel\u00fcl <strong>10%-os CAGR-t jelent 2024 \u00e9s 2029 k\u00f6z\u00f6tt<\/strong>.<\/p>\n\n\n\n<p class=\"wp-block-paragraph\">A kiberbiztons\u00e1g olyan jellemz\u0151t is k\u00edn\u00e1l, amely k\u00fcl\u00f6n\u00f6sen vonz\u00f3 lehet a lassabb gazdas\u00e1gi n\u00f6veked\u00e9s id\u0151szakaiban: a v\u00e1llalatok nem hagyhatj\u00e1k abba k\u00f6nnyen infrastrukt\u00far\u00e1juk v\u00e9delm\u00e9t puszt\u00e1n az\u00e9rt, mert a GDP n\u00f6veked\u00e9se gyeng\u00fcl.<\/p>\n\n\n\n<p class=\"wp-block-paragraph\">Az \u00fcgyf\u00e9ladatokat tov\u00e1bbra is v\u00e9deni kell, a kritikus infrastrukt\u00far\u00e1nak tov\u00e1bbra is biztons\u00e1gra van sz\u00fcks\u00e9ge, \u00e9s a szab\u00e1lyoz\u00e1si k\u00f6telezetts\u00e9gek v\u00e1ltozatlanul fenn\u00e1llnak. A mesters\u00e9ges intelligencia tov\u00e1bbi k\u00f6vetelm\u00e9nyeket vezet be a modellekkel, automatiz\u00e1lt \u00fcgyn\u00f6k\u00f6kkel \u00e9s a v\u00e1llalatok saj\u00e1t inform\u00e1ci\u00f3ival kapcsolatban.<\/p>\n\n\n\n<p class=\"wp-block-paragraph\">Az \u00e1gazat ugyanakkor rendk\u00edv\u00fcl versenyk\u00e9pes. A nagy felh\u0151szolg\u00e1ltat\u00f3k egyre ink\u00e1bb integr\u00e1lj\u00e1k a kiberv\u00e9delmi szolg\u00e1ltat\u00e1sokat platformjaikba, m\u00edg a technol\u00f3giai innov\u00e1ci\u00f3 gyorsan megv\u00e1ltoztathatja az egyes biztons\u00e1gi sz\u00e1ll\u00edt\u00f3k versenypoz\u00edci\u00f3j\u00e1t.<\/p>\n\n\n\n<p class=\"wp-block-paragraph\">A befektet\u0151k sz\u00e1m\u00e1ra a kiberbiztons\u00e1g ez\u00e9rt vonz\u00f3 struktur\u00e1lis \u00e1gazati allok\u00e1ci\u00f3 lehet, m\u00e9g akkor is, ha az egyedi r\u00e9szv\u00e9nykiv\u00e1laszt\u00e1s tov\u00e1bbra is fontos marad.<\/p>\n\n\n\n<h2 class=\"wp-block-heading\">4. Energiat\u00e1rol\u00e1s \u00e9s energiainfrastrukt\u00fara: A kev\u00e9sb\u00e9 nyilv\u00e1nval\u00f3 AI befektet\u00e9s<\/h2>\n\n\n\n<p class=\"wp-block-paragraph\">Az AI-boom egyik legfontosabb k\u00f6vetkezm\u00e9nye a hagyom\u00e1nyos technol\u00f3giai szektoron k\u00edv\u00fcl zajlik.<\/p>\n\n\n\n<p class=\"wp-block-paragraph\">A mesters\u00e9ges intelligencia olyan m\u00e9rt\u00e9kben fogyaszt elektromos energi\u00e1t, amely m\u00e1r kezdi befoly\u00e1solni az energiainfrastrukt\u00fara tervez\u00e9s\u00e9t. Ugyanakkor a sz\u00e9l- \u00e9s napenergia-termel\u00e9s folyamatos n\u00f6veked\u00e9se tov\u00e1bbi keresletet teremt a t\u00e1rol\u00e1si, \u00e1tviteli \u00e9s h\u00e1l\u00f3zat-egyens\u00falyoz\u00e1si technol\u00f3gi\u00e1k ir\u00e1nt.<\/p>\n\n\n\n<p class=\"wp-block-paragraph\">A <a href=\"https:\/\/www.grandviewresearch.com\/horizon\/statistics\/battery-market\/end-use\/grid-scale-energy-storage\/global?utm_source=chatgpt.com\">Grand View Research h\u00e1l\u00f3zati l\u00e9pt\u00e9k\u0171 energiat\u00e1rol\u00e1si kil\u00e1t\u00e1sai<\/a> szerint a glob\u00e1lis h\u00e1l\u00f3zati l\u00e9pt\u00e9k\u0171 akkumul\u00e1torpiac k\u00f6r\u00fclbel\u00fcl <strong>20,4%-os \u00e9ves n\u00f6veked\u00e9st<\/strong> mutathat <strong>2025 \u00e9s 2030 k\u00f6z\u00f6tt<\/strong>, el\u00e9rve az \u00e9vtized v\u00e9g\u00e9re a k\u00f6zel 63 milli\u00e1rd doll\u00e1rt.<\/p>\n\n\n\n<p class=\"wp-block-paragraph\">A meg\u00fajul\u00f3 energiatermel\u00e9s m\u00e1sik struktur\u00e1lis kataliz\u00e1tort jelent. A <a href=\"https:\/\/www.iea.org\/reports\/renewables-2025\/renewable-electricity?utm_source=chatgpt.com\">Nemzetk\u00f6zi Energia\u00fcgyn\u00f6ks\u00e9g k\u00f6r\u00fclbel\u00fcl 4600 GW \u00faj meg\u00fajul\u00f3 kapacit\u00e1st<\/a> v\u00e1r glob\u00e1lisan 2025 \u00e9s 2030 k\u00f6z\u00f6tt. Ez nagyj\u00e1b\u00f3l egyen\u00e9rt\u00e9k\u0171 K\u00edna, az Eur\u00f3pai Uni\u00f3 \u00e9s Jap\u00e1n egy\u00fcttes jelenlegi villamosenergia-termel\u0151 kapacit\u00e1s\u00e1val. A nap-fotovoltaika v\u00e1rhat\u00f3an a n\u00f6veked\u00e9s k\u00f6zel 80%-\u00e1t teszi ki.<\/p>\n\n\n\n<p class=\"wp-block-paragraph\">De a villamosenergia-termel\u00e9s csak r\u00e9sze a befektet\u00e9si kih\u00edv\u00e1snak.<\/p>\n\n\n\n<p class=\"wp-block-paragraph\">Az elektromos energi\u00e1t sz\u00e1ll\u00edtani kell, \u00e9s el\u00e9rhet\u0151nek kell lennie, amikor a fogyaszt\u00f3knak \u00e9s az adatk\u00f6zpontoknak sz\u00fcks\u00e9g\u00fck van r\u00e1. Ez keresletet teremt transzform\u00e1torok, t\u00e1vvezet\u00e9kek, kapcsol\u00f3berendez\u00e9sek, akkumul\u00e1torok \u00e9s egyre kifinomultabb h\u00e1l\u00f3zatkezel\u00e9si technol\u00f3gi\u00e1k ir\u00e1nt.<\/p>\n\n\n\n<p class=\"wp-block-paragraph\">Az AI feler\u0151s\u00edti ezt a trendet. Az IEA becsl\u00e9sei szerint k\u00f6r\u00fclbel\u00fcl <strong>20-25 GW akkumul\u00e1toros t\u00e1rol\u00e1s<\/strong> telep\u00edthet\u0151 k\u00f6zvetlen\u00fcl az adatk\u00f6zpontokban vil\u00e1gszerte <strong>2030-ra<\/strong>, mivel az \u00fczemeltet\u0151k a megb\u00edzhat\u00f3s\u00e1got szeretn\u00e9k biztos\u00edtani \u00e9s kezelni a nagym\u00e9rt\u00e9kben v\u00e1ltoz\u00f3 AI-hez kapcsol\u00f3d\u00f3 villamosenergia-terhel\u00e9seket.<\/p>\n\n\n\n<p class=\"wp-block-paragraph\">Az energiainfrastrukt\u00fara ez\u00e9rt az \u00e9vtized egyik legfontosabb m\u00e1sodrend\u0171 AI befektet\u00e9se lehet.<\/p>\n\n\n\n<p class=\"wp-block-paragraph\">Ahelyett, hogy kiz\u00e1r\u00f3lag szoftverc\u00e9gekre vagy f\u00e9lvezet\u0151gy\u00e1rt\u00f3kra fogadn\u00e1nak, a befektet\u0151k potenci\u00e1lisan kitetts\u00e9get szerezhetnek az AI befektet\u00e9si ciklus \u00e1ltal l\u00e9trehozott fizikai sz\u0171k keresztmetszetekhez.<\/p>\n\n\n\n<p class=\"wp-block-paragraph\">Olvassa el tov\u00e1bb\u00e1: <a href=\"https:\/\/trader-magazine.com\/hu\/tozsde\/spacex-ipo-urverseny-a-tozsden-hogyan-lehet-befektetni-a-kovetkezo-nagy-kiloves-elott\/\" title=\"SpaceX IPO: The Space Race on the Stock Market and How to Invest Before the Next Big Lift-Off\">SpaceX IPO: Az \u0171rverseny a t\u0151zsd\u00e9n \u00e9s hogyan fektess\u00fcnk be a k\u00f6vetkez\u0151 nagy startot megel\u0151z\u0151en<\/a><\/p>\n\n\n\n<h2 class=\"wp-block-heading\">5. Ipari automatiz\u00e1l\u00e1s \u00e9s robotika: A termel\u00e9kenys\u00e9g priorit\u00e1ss\u00e1 v\u00e1lik<\/h2>\n\n\n\n<p class=\"wp-block-paragraph\">Az ipari automatiz\u00e1l\u00e1s a mesters\u00e9ges intelligencia, a gy\u00e1rt\u00e1s moderniz\u00e1ci\u00f3ja, a visszatelep\u00edt\u00e9s \u00e9s a demogr\u00e1fiai v\u00e1ltoz\u00e1s metsz\u00e9spontj\u00e1ban helyezkedik el.<\/p>\n\n\n\n<p class=\"wp-block-paragraph\">A <a href=\"https:\/\/www.grandviewresearch.com\/industry-analysis\/factory-automation-market-report?utm_source=chatgpt.com\">glob\u00e1lis gy\u00e1ri automatiz\u00e1l\u00e1si piacr\u00f3l a Grand View Research el\u0151rejelz\u00e9se<\/a> szerint k\u00f6r\u00fclbel\u00fcl 43,9 milli\u00e1rd doll\u00e1rr\u00f3l 2026-ban 67,2 milli\u00e1rd doll\u00e1rra b\u0151v\u00fcl 2030-ra. Ez v\u00e1rhat\u00f3an <strong>11,1%-os CAGR-t jelent 2025 \u00e9s 2030 k\u00f6z\u00f6tt<\/strong>.<\/p>\n\n\n\n<p class=\"wp-block-paragraph\">Az automatiz\u00e1l\u00e1st t\u00e1mogat\u00f3 gazdas\u00e1gi logika viszonylag egy\u00e9rtelm\u0171.<\/p>\n\n\n\n<p class=\"wp-block-paragraph\">Amikor a munkaer\u0151 dr\u00e1g\u00e1v\u00e1 v\u00e1lik vagy neh\u00e9z toborozni, a v\u00e1llalkoz\u00e1sok er\u0151sebb \u00f6szt\u00f6nz\u00e9st kapnak az ism\u00e9tl\u0151d\u0151 folyamatok automatiz\u00e1l\u00e1s\u00e1ra. Amikor a v\u00e1llalatok \u00e1thelyezik a termel\u00e9st vagy \u00faj gy\u00e1rakat \u00e9p\u00edtenek, a kezdetekt\u0151l fogva alkalmazhatnak modern automatiz\u00e1l\u00e1si technol\u00f3gi\u00e1kat. A mesters\u00e9ges intelligencia \u00e9s a g\u00e9pi tanul\u00e1s fejl\u0151d\u00e9se szint\u00e9n egyre kifinomultabb\u00e1 teszi az ipari rendszereket.<\/p>\n\n\n\n<p class=\"wp-block-paragraph\">Az AI-alap\u00fa sz\u00e1m\u00edt\u00f3g\u00e9pes l\u00e1t\u00e1s jav\u00edthatja a min\u0151s\u00e9g-ellen\u0151rz\u00e9st. A predikt\u00edv karbantart\u00e1si szoftverek a berendez\u00e9sek meghib\u00e1sod\u00e1sa el\u0151tt azonos\u00edthatj\u00e1k a probl\u00e9m\u00e1kat. Az auton\u00f3m rendszerek val\u00f3s id\u0151ben optimaliz\u00e1lhatj\u00e1k a gy\u00e1rt\u00e1si folyamatokat.<\/p>\n\n\n\n<p class=\"wp-block-paragraph\">Ennek eredm\u00e9nyek\u00e9nt az ipari automatiz\u00e1l\u00e1s haszon\u00e9lvez\u0151i k\u00f6z\u00f6tt nemcsak a hagyom\u00e1nyos robotgy\u00e1rt\u00f3k tal\u00e1lhat\u00f3k. Az \u00e9rz\u00e9kel\u0151gy\u00e1rt\u00f3k, ipari szoftverfejleszt\u0151k, elektromos berendez\u00e9sek gy\u00e1rt\u00f3i \u00e9s automatiz\u00e1l\u00e1si rendszersz\u00e1ll\u00edt\u00f3k mind r\u00e9szes\u00fclhetnek a trendb\u0151l.<\/p>\n\n\n\n<p class=\"wp-block-paragraph\">Ellent\u00e9tben egyes fogyaszt\u00f3k\u00f6zpont\u00fa technol\u00f3giai t\u00e9m\u00e1kkal, az automatiz\u00e1l\u00e1si befektet\u00e9sek gyakran k\u00f6zvetlen\u00fcl igazolhat\u00f3k a termel\u00e9kenys\u00e9gi nyeres\u00e9geken kereszt\u00fcl. Ha egy \u00faj rendszer cs\u00f6kkenti a munkaer\u0151k\u00f6lts\u00e9geket, n\u00f6veli a gy\u00e1rt\u00e1si teljes\u00edtm\u00e9nyt vagy cs\u00f6kkenti az \u00e1ll\u00e1sid\u0151t, a v\u00e1llalatoknak egy\u00e9rtelm\u0171 p\u00e9nz\u00fcgyi \u00f6szt\u00f6nz\u00e9s\u00fck van a bevezet\u00e9s\u00e9re.<\/p>\n\n\n\n<p class=\"wp-block-paragraph\">A f\u0151 gyenges\u00e9g a gazdas\u00e1gi ciklikuss\u00e1g. Az ipari beruh\u00e1z\u00e1sok elhalaszthat\u00f3k a recesszi\u00f3k sor\u00e1n. Egy gy\u00e1rt\u00e1si visszaes\u00e9s ez\u00e9rt \u00e1tmenetileg gyeng\u00edtheti a keresletet, m\u00e9g akkor is, ha a hossz\u00fa t\u00e1v\u00fa automatiz\u00e1l\u00e1si trend \u00e9rintetlen marad.<\/p>\n\n\n\n<h2 class=\"wp-block-heading\">6. Biotechnol\u00f3gia: Er\u0151s n\u00f6veked\u00e9s a hagyom\u00e1nyos technol\u00f3giai szektoron t\u00fal<\/h2>\n\n\n\n<p class=\"wp-block-paragraph\">A biotechnol\u00f3gia a leger\u0151sebb struktur\u00e1lis n\u00f6veked\u00e9si lehet\u0151s\u00e9gek egyik\u00e9t k\u00edn\u00e1lja a digit\u00e1lis technol\u00f3gi\u00e1n \u00e9s az ipari infrastrukt\u00far\u00e1n k\u00edv\u00fcl.<\/p>\n\n\n\n<p class=\"wp-block-paragraph\">A <a href=\"https:\/\/www.grandviewresearch.com\/horizon\/outlook\/biotechnology-market-size\/global?utm_source=chatgpt.com\">Grand View Research biotechnol\u00f3giai kil\u00e1t\u00e1sai<\/a> szerint a glob\u00e1lis biotechnol\u00f3giai piac k\u00f6r\u00fclbel\u00fcl 1,55 billi\u00f3 doll\u00e1rr\u00f3l 2023-ban majdnem <strong>3,88 billi\u00f3 doll\u00e1rra<\/strong> n\u0151het <strong>2030-ra<\/strong>, ami k\u00f6r\u00fclbel\u00fcl <strong>14,1%-os CAGR-t jelent 2024 \u00e9s 2030 k\u00f6z\u00f6tt<\/strong>. Az eg\u00e9szs\u00e9g\u00fcgy jelenti a legnagyobb alkalmaz\u00e1si ter\u00fcletet, m\u00edg a bioinformatika v\u00e1rhat\u00f3an a leggyorsabban n\u00f6vekv\u0151 szegmensek k\u00f6z\u00f6tt lesz.<\/p>\n\n\n\n<p class=\"wp-block-paragraph\">T\u00f6bb tudom\u00e1nyos \u00e9s technol\u00f3giai trend t\u00e1mogatja az \u00e1gazatot.<\/p>\n\n\n\n<p class=\"wp-block-paragraph\">A genomszekven\u00e1l\u00e1s egyre hasznosabb\u00e1 v\u00e1lik a klinikai orvosl\u00e1sban. A prec\u00edzi\u00f3s ter\u00e1pi\u00e1k lehet\u0151v\u00e9 teszik az orvosok sz\u00e1m\u00e1ra, hogy meghat\u00e1rozott biol\u00f3giai mechanizmusokat c\u00e9lozzanak meg. A bioinformatika lehet\u0151v\u00e9 teszi a kutat\u00f3k sz\u00e1m\u00e1ra, hogy \u00f3ri\u00e1si mennyis\u00e9g\u0171 biol\u00f3giai adatot dolgozzanak fel, mik\u00f6zben a mesters\u00e9ges intelligenci\u00e1t egyre ink\u00e1bb be\u00e9p\u00edtik a gy\u00f3gyszerkutat\u00e1sba \u00e9s a feh\u00e9rjekutat\u00e1sba.<\/p>\n\n\n\n<p class=\"wp-block-paragraph\">Ez azt jelenti, hogy a biotechnol\u00f3gia szint\u00e9n r\u00e9szt vesz a sz\u00e9lesebb k\u00f6r\u0171 AI forradalomban, b\u00e1r eg\u00e9szen m\u00e1s m\u00f3don, mint a szoftver- vagy f\u00e9lvezet\u0151c\u00e9gek.<\/p>\n\n\n\n<p class=\"wp-block-paragraph\">Az \u00e1gazat emellett diverzifik\u00e1ci\u00f3t k\u00edn\u00e1l az infrastrukt\u00fara-ig\u00e9nyes technol\u00f3giai ciklust\u00f3l, mivel az eg\u00e9szs\u00e9g\u00fcgyi kereslet r\u00e9szben a demogr\u00e1fi\u00e1t\u00f3l \u00e9s az orvosi innov\u00e1ci\u00f3t\u00f3l f\u00fcgg, nem pedig az ipari tev\u00e9kenys\u00e9gt\u0151l.<\/p>\n\n\n\n<p class=\"wp-block-paragraph\">A biotechnol\u00f3gia azonban jelent\u0151s v\u00e1llalatspecifikus kock\u00e1zatot hordoz.<\/p>\n\n\n\n<p class=\"wp-block-paragraph\">A klinikai vizsg\u00e1latok kudarcot vallhatnak. A szab\u00e1lyoz\u00f3k elutas\u00edthatj\u00e1k az \u00edg\u00e9retes kezel\u00e9seket. A szabadalmak lej\u00e1rta dr\u00e1maian megv\u00e1ltoztathatja a j\u00f6v\u0151beli bev\u00e9teli el\u0151rejelz\u00e9seket, \u00e9s a kisebb biotechnol\u00f3giai v\u00e1llalatok gyakran a t\u0151kepiacokt\u00f3l f\u00fcggenek az \u00e9vekig tart\u00f3 kutat\u00e1s finansz\u00edroz\u00e1s\u00e1ban, miel\u0151tt \u00e9rdemi \u00e9rt\u00e9kes\u00edt\u00e9st gener\u00e1ln\u00e1nak.<\/p>\n\n\n\n<p class=\"wp-block-paragraph\">Az ipar\u00e1g eg\u00e9sz\u00e9nek n\u00f6veked\u00e9si kil\u00e1t\u00e1sai ez\u00e9rt er\u0151sek lehetnek, mik\u00f6zben az egyes biotechnol\u00f3giai r\u00e9szv\u00e9nyek rendk\u00edv\u00fcl kock\u00e1zatosak maradnak.<\/p>\n\n\n\n<h2 class=\"wp-block-heading\">7. V\u00e9delmi technol\u00f3gia: Az \u00fajrafegyverkez\u00e9s hossz\u00fa t\u00e1v\u00fa befektet\u00e9si t\u00e9m\u00e1v\u00e1 v\u00e1lik<\/h2>\n\n\n\n<p class=\"wp-block-paragraph\">A v\u00e9delmi szektor az elm\u00falt \u00e9vek sor\u00e1n a legnagyobb v\u00e1ltoz\u00e1sokon ment kereszt\u00fcl a f\u0151bb befektet\u00e9si szektorok k\u00f6z\u00fcl.<\/p>\n\n\n\n<p class=\"wp-block-paragraph\">A <a href=\"https:\/\/www.sipri.org\/media\/press-release\/2026\/global-military-spending-rise-continues-european-and-asian-expenditures-surge?utm_source=chatgpt.com\">Stockholmi Nemzetk\u00f6zi B\u00e9kekutat\u00f3 Int\u00e9zet<\/a> szerint a vil\u00e1gm\u00e9ret\u0171 katonai kiad\u00e1sok rekordot d\u00f6ntve el\u00e9rt\u00e9k a <strong>2,887 billi\u00f3 doll\u00e1rt 2025-ben<\/strong>, ami a tizenegyedik egym\u00e1st k\u00f6vet\u0151 \u00e9ves n\u00f6veked\u00e9st jelzi. Az eur\u00f3pai katonai kiad\u00e1sok 14%-kal n\u0151ttek re\u00e1l\u00e9rt\u00e9ken, m\u00edg a kiad\u00e1sok \u00c1zsi\u00e1ban \u00e9s \u00d3ce\u00e1ni\u00e1ban 8,1%-kal emelkedtek.<\/p>\n\n\n\n<p class=\"wp-block-paragraph\">A trend k\u00fcl\u00f6n\u00f6sen jelent\u0151s Eur\u00f3p\u00e1ban.<\/p>\n\n\n\n<p class=\"wp-block-paragraph\">A <a href=\"https:\/\/www.nato.int\/en\/news-and-events\/articles\/news\/2026\/07\/07\/defence-investment-update-record-spending-in-europe-and-canada?utm_source=chatgpt.com\">NATO 2026 j\u00falius\u00e1ban arr\u00f3l sz\u00e1molt be<\/a>, hogy az eur\u00f3pai sz\u00f6vets\u00e9gesek \u00e9s Kanada alapvet\u0151 v\u00e9delmi kiad\u00e1saikat k\u00f6zel <strong>20%-kal n\u00f6velt\u00e9k 2025-ben 2024-hez k\u00e9pest<\/strong>. A NATO-tagorsz\u00e1gok jelent\u0151sen magasabb hossz\u00fa t\u00e1v\u00fa v\u00e9delmi \u00e9s biztons\u00e1gi befektet\u00e9seket is v\u00e1llaltak, ami egyre nehezebb\u00e9 teszi az \u00fajrafegyverkez\u00e9s elutas\u00edt\u00e1s\u00e1t, mint egyetlen konfliktusra adott r\u00f6vid t\u00e1v\u00fa v\u00e1laszt.<\/p>\n\n\n\n<p class=\"wp-block-paragraph\">A leger\u0151sebb n\u00f6veked\u00e9s nem felt\u00e9tlen\u00fcl a hagyom\u00e1nyos harckocsikb\u00f3l, rep\u00fcl\u0151g\u00e9pekb\u0151l \u00e9s tengeri platformokb\u00f3l sz\u00e1rmazik.<\/p>\n\n\n\n<p class=\"wp-block-paragraph\">A modern katonai beruh\u00e1z\u00e1sok egyre ink\u00e1bb dr\u00f3nokat, auton\u00f3m rendszereket, m\u0171holdakat, kiberbiztons\u00e1gi megold\u00e1sokat, szenzorokat, mesters\u00e9ges intelligenci\u00e1t \u00e9s elektronikus hadvisel\u00e9st foglalnak magukban.<\/p>\n\n\n\n<p class=\"wp-block-paragraph\">A Technavio szerint&nbsp;<a href=\"https:\/\/www.technavio.com\/report\/military-drone-market-analysis?utm_source=chatgpt.com\">a glob\u00e1lis katonai dr\u00f3npiac v\u00e1rhat\u00f3an<\/a>&nbsp;k\u00f6r\u00fclbel\u00fcl&nbsp;<strong>13,6%-os CAGR-rel b\u0151v\u00fcl 2025 \u00e9s 2030 k\u00f6z\u00f6tt<\/strong>.<\/p>\n\n\n\n<p class=\"wp-block-paragraph\">Ez egy sz\u00e9lesebb v\u00e9delmi-technol\u00f3giai \u00f6kosziszt\u00e9m\u00e1t hoz l\u00e9tre, amelyben a kisebb specializ\u00e1lt besz\u00e1ll\u00edt\u00f3k potenci\u00e1lisan a bevett rep\u00fcl\u0151g\u00e9pipari \u00e9s v\u00e9delmi v\u00e1llalkoz\u00f3kkal egy\u00fctt n\u00f6vekedhetnek.<\/p>\n\n\n\n<p class=\"wp-block-paragraph\">A kock\u00e1zatokat nem szabad figyelmen k\u00edv\u00fcl hagyni. A v\u00e9delmi v\u00e1llalatok nagym\u00e9rt\u00e9kben f\u00fcggenek a korm\u00e1nyzati beszerz\u00e9si ciklusokt\u00f3l, a nagy projektek \u00e9vekig k\u00e9shetnek, \u00e9s az eur\u00f3pai v\u00e9delmi ipar egyes r\u00e9szeinek \u00e9rt\u00e9kelts\u00e9gei m\u00e1r meredeken emelkedtek.<\/p>\n\n\n\n<p class=\"wp-block-paragraph\">Ennek ellen\u00e9re a korm\u00e1nyzati kiad\u00e1sok sz\u00e9lesebb ir\u00e1nya azt sugallja, hogy a v\u00e9delem ink\u00e1bb t\u00f6bb\u00e9ves struktur\u00e1lis befektet\u00e9si t\u00e9m\u00e1v\u00e1 v\u00e1lik, mintsem \u00e1tmeneti keresked\u00e9si lehet\u0151s\u00e9gg\u00e9.<\/p>\n\n\n\n<h2 class=\"wp-block-heading\">Hogyan k\u00f6zel\u00edts\u00fck meg a szektorallok\u00e1ci\u00f3t 2026-ban<\/h2>\n\n\n\n<p class=\"wp-block-paragraph\">A&nbsp;<strong>legjobb befektet\u00e9si szektorok 2026-ban<\/strong>&nbsp;azonos\u00edt\u00e1sa nem egyszer\u0171en azt jelenti, hogy az ipar\u00e1gakat a v\u00e1rt CAGR szerint rangsoroljuk.<\/p>\n\n\n\n<p class=\"wp-block-paragraph\">Az ipar\u00e1gi n\u00f6veked\u00e9s \u00e9s a t\u0151zsdei hozamok alapvet\u0151en k\u00fcl\u00f6nb\u00f6z\u0151 fogalmak.<\/p>\n\n\n\n<p class=\"wp-block-paragraph\">Egy \u00e9vente 25%-kal n\u00f6vekv\u0151 piac tov\u00e1bbra is gyenge befektet\u00e9si hozamokat gener\u00e1lhat, ha az \u00e9rt\u00e9kelts\u00e9gek m\u00e1r m\u00e9g gyorsabb n\u00f6veked\u00e9st felt\u00e9teleznek. Ford\u00edtva, a lassabban n\u00f6vekv\u0151 ipar\u00e1gakban m\u0171k\u00f6d\u0151 v\u00e1llalatok fel\u00fclteljes\u00edthetnek, ha az elv\u00e1r\u00e1sok alacsonyak, a haszonkulcsok javulnak, vagy a r\u00e9szv\u00e9nyesi hozamok n\u00f6vekednek.<\/p>\n\n\n\n<p class=\"wp-block-paragraph\">A befektet\u0151knek ez\u00e9rt legal\u00e1bb h\u00e1rom f\u0151 v\u00e1ltoz\u00f3t kell \u00e9rt\u00e9kelni\u00fck: struktur\u00e1lis n\u00f6veked\u00e9s, \u00e9rt\u00e9kelts\u00e9g \u00e9s \u00e9rz\u00e9kenys\u00e9g a gazdas\u00e1gi ciklusra.<\/p>\n\n\n\n<p class=\"wp-block-paragraph\">A mesters\u00e9ges intelligencia, a f\u00e9lvezet\u0151k \u00e9s a kiberbiztons\u00e1g k\u00f6zvetlen kitetts\u00e9get biztos\u00edt a digit\u00e1lis \u00e1talakul\u00e1s ir\u00e1nt. Az energiat\u00e1rol\u00e1s \u00e9s az ipari automatiz\u00e1l\u00e1s a digitaliz\u00e1ci\u00f3t, az elektrifik\u00e1ci\u00f3t \u00e9s a gy\u00e1rt\u00e1si termel\u00e9kenys\u00e9get t\u00e1mogat\u00f3 fizikai infrastrukt\u00far\u00e1t k\u00e9pviseli. A biotechnol\u00f3gia eg\u00e9szs\u00e9g\u00fcgy-vez\u00e9relt struktur\u00e1lis n\u00f6veked\u00e9si forr\u00e1st vezet be, m\u00edg a v\u00e9delem a korm\u00e1nyzati kiad\u00e1sokhoz \u00e9s geopolitikai \u00e1trendez\u0151d\u00e9shez biztos\u00edt kitetts\u00e9get.<\/p>\n\n\n\n<p class=\"wp-block-paragraph\">E t\u00e9m\u00e1k k\u00f6z\u00f6tt jelent\u0151s \u00e1tfed\u00e9s is van.<\/p>\n\n\n\n<p class=\"wp-block-paragraph\">Az AI n\u00f6veli a f\u00e9lvezet\u0151-keresletet. Maguk a f\u00e9lvezet\u0151gy\u00e1rak automatiz\u00e1l\u00e1st ig\u00e9nyelnek. Az adatk\u00f6zpontok n\u00f6velik az \u00e1ramig\u00e9nyt. Az \u00e1ramig\u00e9ny tov\u00e1bbi h\u00e1l\u00f3zatokat, termel\u00e9st \u00e9s t\u00e1rol\u00e1st ig\u00e9nyel. A v\u00e9delmi rendszerek egyre ink\u00e1bb f\u00e9lvezet\u0151kre, AI-ra, kiberbiztons\u00e1gi megold\u00e1sokra \u00e9s auton\u00f3m technol\u00f3gi\u00e1ra t\u00e1maszkodnak.<\/p>\n\n\n\n<p class=\"wp-block-paragraph\">2026 legfontosabb befektet\u00e9si t\u00f6rt\u00e9nete ez\u00e9rt nem felt\u00e9tlen\u00fcl egyetlen szektor lehet.<\/p>\n\n\n\n<p class=\"wp-block-paragraph\">Ehelyett a&nbsp;<strong>digit\u00e1lis gazdas\u00e1g \u00e9s a fizikai infrastrukt\u00fara<\/strong>&nbsp;n\u00f6vekv\u0151 konvergenci\u00e1ja lehet az.<\/p>\n\n\n\n<h2 class=\"wp-block-heading\">A szektorbefektet\u0151k f\u0151bb kock\u00e1zatai 2026-ban<\/h2>\n\n\n\n<p class=\"wp-block-paragraph\">A leger\u0151sebb struktur\u00e1lis n\u00f6veked\u00e9si t\u00e9m\u00e1k nem automatikusan a legbiztons\u00e1gosabb befektet\u00e9sek.<\/p>\n\n\n\n<p class=\"wp-block-paragraph\">Az \u00e9rt\u00e9kelts\u00e9g tal\u00e1n a legnyilv\u00e1nval\u00f3bb kock\u00e1zat marad, k\u00fcl\u00f6n\u00f6sen az AI-hoz kapcsol\u00f3d\u00f3 v\u00e1llalatok k\u00f6r\u00e9ben. Amikor a befektet\u0151k m\u00e1r rendk\u00edv\u00fcli j\u00f6v\u0151beli eredm\u00e9nyn\u00f6veked\u00e9st v\u00e1rnak, m\u00e9g a kiv\u00e1l\u00f3 v\u00e1llalati eredm\u00e9nyek is csal\u00f3d\u00e1st okozhatnak a piacokon, ha nem haladj\u00e1k meg az elv\u00e1r\u00e1sokat.<\/p>\n\n\n\n<p class=\"wp-block-paragraph\">A kamatl\u00e1bak egy m\u00e1sik fontos v\u00e1ltoz\u00f3t jelentenek. A magas n\u00f6veked\u00e9s\u0171 v\u00e1llalatok \u00e9rt\u00e9kelts\u00e9g\u00fck jelent\u0151s r\u00e9sz\u00e9t a t\u00e1voli j\u00f6v\u0151ben v\u00e1rt cash flow-kb\u00f3l sz\u00e1rmaztatj\u00e1k, ami \u00e9rz\u00e9kenyebb\u00e9 teszi \u0151ket a diszkontr\u00e1t\u00e1k v\u00e1ltoz\u00e1saira.<\/p>\n\n\n\n<p class=\"wp-block-paragraph\">A geopolitikai sz\u00e9tt\u00f6redez\u00e9s szint\u00e9n megzavarhatja az ell\u00e1t\u00e1si l\u00e1ncokat, k\u00fcl\u00f6n\u00f6sen a f\u00e9lvezet\u0151k, energiatechnol\u00f3gi\u00e1k \u00e9s strat\u00e9giai \u00e1sv\u00e1nyok ter\u00e9n.<\/p>\n\n\n\n<p class=\"wp-block-paragraph\">Emellett fenn\u00e1ll a t\u00falberuh\u00e1z\u00e1s lehet\u0151s\u00e9ge is.<\/p>\n\n\n\n<p class=\"wp-block-paragraph\">Minden nagy t\u0151kekiad\u00e1si ciklus el\u0151bb-ut\u00f3bb felveti a k\u00e9rd\u00e9st, hogy az \u00e9p\u00fcl\u0151 \u00f6sszes infrastrukt\u00fara elegend\u0151 hozamot tud-e termelni. Az AI adatk\u00f6zpont-boom val\u00f3sz\u00edn\u0171leg nem lesz kiv\u00e9tel. A&nbsp;<a href=\"https:\/\/www.iea.org\/reports\/key-questions-on-energy-and-ai\/executive-summary?utm_source=chatgpt.com\">Nemzetk\u00f6zi Energia\u00fcgyn\u00f6ks\u00e9g megjegyezte<\/a>, hogy az adatk\u00f6zpont-beruh\u00e1z\u00e1sok t\u00fals\u00e1gosan nagyra n\u0151ttek ahhoz, hogy kiz\u00e1r\u00f3lag a technol\u00f3giai v\u00e1llalatok m\u00e9rlegeire t\u00e1maszkodjanak, n\u00f6velve a t\u0151kepiacokt\u00f3l \u00e9s az AI-infrastrukt\u00fara \u00e1ltal gener\u00e1lt hossz\u00fa t\u00e1v\u00fa gazdas\u00e1gi hozamokba vetett befektet\u0151i bizalomt\u00f3l val\u00f3 f\u00fcgg\u00e9st.<\/p>\n\n\n\n<p class=\"wp-block-paragraph\">A befektet\u0151knek \u00f3vatosan kell kezelni\u00fck a CAGR-becsl\u00e9seket is. Ezek a piaci fejl\u0151d\u00e9s el\u0151rejelz\u00e9sei, nem pedig garanci\u00e1k. A recesszi\u00f3k, szab\u00e1lyoz\u00f3i beavatkoz\u00e1sok, technol\u00f3giai zavarok \u00e9s v\u00e1ltoz\u00f3 nyersanyag\u00e1rak mind jelent\u0151sen megv\u00e1ltoztathatj\u00e1k a hossz\u00fa t\u00e1v\u00fa el\u0151rejelz\u00e9seket.<\/p>\n\n\n\n<h2 class=\"wp-block-heading\">Melyek a legjobb befektet\u00e9si szektorok 2026-ban?<\/h2>\n\n\n\n<p class=\"wp-block-paragraph\">A&nbsp;<strong>legjobb befektet\u00e9si szektorok 2026-ban<\/strong>&nbsp;keres\u00e9se sor\u00e1n a mesters\u00e9ges intelligencia tov\u00e1bbra is a k\u00f6zponti struktur\u00e1lis n\u00f6veked\u00e9si t\u00f6rt\u00e9net, de ha kiz\u00e1r\u00f3lag a prominens AI-r\u00e9szv\u00e9nyekre \u00f6sszpontos\u00edtunk, azzal kock\u00e1ztatjuk, hogy figyelmen k\u00edv\u00fcl hagyunk egy sokkal sz\u00e9lesebb befektet\u00e9si ciklust.<\/p>\n\n\n\n<p class=\"wp-block-paragraph\">A f\u00e9lvezet\u0151k biztos\u00edtj\u00e1k az AI \u00e1ltal ig\u00e9nyelt sz\u00e1m\u00edt\u00e1si teljes\u00edtm\u00e9nyt. A kiberbiztons\u00e1g v\u00e9di az egyre ink\u00e1bb digit\u00e1lis gazdas\u00e1got. Az elektromos h\u00e1l\u00f3zatok \u00e9s t\u00e1rol\u00e1s biztos\u00edtj\u00e1k az adatk\u00f6zpont-b\u0151v\u00edt\u00e9shez sz\u00fcks\u00e9ges energiainfrastrukt\u00far\u00e1t. Az ipari automatiz\u00e1l\u00e1s egyre intelligensebb technol\u00f3gi\u00e1t visz a gy\u00e1rakba \u00e9s a logisztik\u00e1ba. A biotechnol\u00f3gia a sz\u00e1m\u00edt\u00e1stechnika \u00e9s az adattudom\u00e1ny fejl\u0151d\u00e9s\u00e9t az orvostudom\u00e1nyba helyezi \u00e1t, m\u00edg a v\u00e9delmi technol\u00f3gia a korm\u00e1nyzati kiad\u00e1si priorit\u00e1sok alapvet\u0151 eltol\u00f3d\u00e1s\u00e1b\u00f3l profit\u00e1l.<\/p>\n\n\n\n<p class=\"wp-block-paragraph\">A sz\u00e9lesebb makrogazdas\u00e1gi k\u00f6rnyezet meger\u0151s\u00edti ezt a szelekt\u00edv megk\u00f6zel\u00edt\u00e9st.<\/p>\n\n\n\n<p class=\"wp-block-paragraph\">A glob\u00e1lis gazdas\u00e1gi n\u00f6veked\u00e9s m\u00e9rs\u00e9kelten alakul, az infl\u00e1ci\u00f3 nem t\u0171nt el, \u00e9s a geopolitikai bizonytalans\u00e1g tov\u00e1bbra is magas. A strat\u00e9giai technol\u00f3gi\u00e1kba \u00e9s infrastrukt\u00far\u00e1ba t\u00f6rt\u00e9n\u0151 beruh\u00e1z\u00e1sok azonban sokkal er\u0151teljesebb \u00fctemben folytat\u00f3dnak, mint amit a GDP-adatok sugalln\u00e1nak.<\/p>\n\n\n\n<p class=\"wp-block-paragraph\">Ez az elt\u00e9r\u00e9s hat\u00e1rozhatja meg a szektorbefektet\u00e9seket 2026-ban.<\/p>\n\n\n\n<p class=\"wp-block-paragraph\">Ahelyett, hogy egyszer\u0171en olyan ipar\u00e1gakat keresn\u00e9nk, amelyek akkor profit\u00e1lnak, amikor az eg\u00e9sz gazdas\u00e1g terjeszkedik, a befektet\u0151k egyre ink\u00e1bb olyan v\u00e1llalkoz\u00e1sokra \u00f6sszpontos\u00edthatnak, amelyek olyan technol\u00f3gi\u00e1kat, infrastrukt\u00far\u00e1t \u00e9s biztons\u00e1gi k\u00e9pess\u00e9geket sz\u00e1ll\u00edtanak, amelyeket a korm\u00e1nyok \u00e9s v\u00e1llalatok strat\u00e9giailag n\u00e9lk\u00fcl\u00f6zhetetlennek tartanak.<\/p>\n\n\n\n<p class=\"wp-block-paragraph\">A hossz\u00fa t\u00e1v\u00fa portf\u00f3li\u00f3k szempontj\u00e1b\u00f3l a&nbsp;<strong>legjobb befektet\u00e9si szektorok 2026-ban<\/strong>&nbsp;ez\u00e9rt azok lehetnek, amelyek nem csup\u00e1n a k\u00f6vetkez\u0151 gazdas\u00e1gi ciklusra, hanem olyan struktur\u00e1lis v\u00e1ltoz\u00e1sokra vannak pozicion\u00e1lva, amelyek a 2030-as \u00e9vekig is folytat\u00f3dhatnak.<\/p>\n","protected":false},"excerpt":{"rendered":"<p>A legjobb szektorok kiv\u00e1laszt\u00e1sa 2026-ban val\u00f3 befektet\u00e9shez t\u00f6bbet ig\u00e9nyel, mint a tavalyi t\u0151zsdei nyertesek megtekint\u00e9s\u00e9t. A glob\u00e1lis gazdas\u00e1g olyan id\u0151szakba l\u00e9p, amelyben a viszonylag szer\u00e9ny \u00e1ltal\u00e1nos gazdas\u00e1gi n\u00f6veked\u00e9st szokatlanul er\u0151s beruh\u00e1z\u00e1si ciklusok k\u00eds\u00e9rik a mesters\u00e9ges intelligencia, f\u00e9lvezet\u0151k, villamosenergia-infrastrukt\u00fara, kiberbiztons\u00e1g, automatiz\u00e1l\u00e1s \u00e9s v\u00e9delmi ipar ter\u00e9n. A Nemzetk\u00f6zi Valutaalap 2026. j\u00faliusi Glob\u00e1lis Gazdas\u00e1gi Kil\u00e1t\u00e1sok Friss\u00edt\u00e9se szerint a [&hellip;]<\/p>\n","protected":false},"author":49,"featured_media":88780,"comment_status":"closed","ping_status":"open","sticky":false,"template":"","format":"standard","meta":{"yasr_overall_rating":0,"yasr_post_is_review":"","yasr_auto_insert_disabled":"","yasr_review_type":"","footnotes":""},"categories":[129],"tags":[4904,6123,513,1384],"class_list":["post-88792","post","type-post","status-publish","format-standard","has-post-thumbnail","category-stock-market","tag-befektetes","tag-best-sectors-to-invest-in-2026","tag-economy","tag-stock-market"],"aioseo_notices":[],"aioseo_head":"\n\t\t<!-- All in One SEO Pro 5.0.0.1 - aioseo.com -->\n\t<meta name=\"description\" content=\"legjobb befektet\u00e9si szektorok 2026-ban. 2026-ban val\u00f3 befektet\u00e9shez v\u00e1lassza a legjobb szektorokat. AI, f\u00e9lvezet\u0151k, kiberbiztons\u00e1g \u00e9s energia az \u00edg\u00e9retes \u00e1ga...\" \/>\n\t<meta name=\"robots\" content=\"max-image-preview:large\" \/>\n\t<meta name=\"author\" content=\"\u0160imon Hauser\"\/>\n\t<link rel=\"canonical\" href=\"https:\/\/trader-magazine.com\/hu\/stock-market\/a-legjobb-befektetesi-szektorok-2026-ban-7-iparag-amelyek-strukturalis-novekedesre-vannak-beallitva\/\" \/>\n\t<meta name=\"generator\" content=\"All in One SEO Pro (AIOSEO) 5.0.0.1\" \/>\n\t\t<meta property=\"og:locale\" content=\"hu_HU\" \/>\n\t\t<meta property=\"og:site_name\" content=\"ForexMag\" \/>\n\t\t<meta property=\"og:type\" content=\"article\" \/>\n\t\t<meta property=\"og:title\" content=\"legjobb befektet\u00e9si szektorok 2026-ban: Legjobb szektorok...\" \/>\n\t\t<meta property=\"og:description\" content=\"legjobb befektet\u00e9si szektorok 2026-ban. 2026-ban val\u00f3 befektet\u00e9shez v\u00e1lassza a legjobb szektorokat. AI, f\u00e9lvezet\u0151k, kiberbiztons\u00e1g \u00e9s energia az \u00edg\u00e9retes \u00e1ga...\" \/>\n\t\t<meta property=\"og:url\" content=\"https:\/\/trader-magazine.com\/hu\/stock-market\/a-legjobb-befektetesi-szektorok-2026-ban-7-iparag-amelyek-strukturalis-novekedesre-vannak-beallitva\/\" \/>\n\t\t<meta property=\"article:published_time\" content=\"2026-09-02T09:25:31+00:00\" \/>\n\t\t<meta property=\"article:modified_time\" content=\"2026-09-02T09:25:31+00:00\" \/>\n\t\t<meta name=\"twitter:card\" content=\"summary\" \/>\n\t\t<meta name=\"twitter:title\" content=\"legjobb befektet\u00e9si szektorok 2026-ban: Legjobb szektorok...\" \/>\n\t\t<meta name=\"twitter:description\" content=\"legjobb befektet\u00e9si szektorok 2026-ban. 2026-ban val\u00f3 befektet\u00e9shez v\u00e1lassza a legjobb szektorokat. AI, f\u00e9lvezet\u0151k, kiberbiztons\u00e1g \u00e9s energia az \u00edg\u00e9retes \u00e1ga...\" \/>\n\t\t<script type=\"application\/ld+json\" class=\"aioseo-schema\">\n\t\t\t{\"@context\":\"https:\\\/\\\/schema.org\",\"@graph\":[{\"@type\":\"Article\",\"@id\":\"https:\\\/\\\/trader-magazine.com\\\/hu\\\/stock-market\\\/a-legjobb-befektetesi-szektorok-2026-ban-7-iparag-amelyek-strukturalis-novekedesre-vannak-beallitva\\\/#article\",\"name\":\"legjobb befektet\\u00e9si szektorok 2026-ban: Legjobb szektorok...\",\"headline\":\"A legjobb befektet\\u00e9si szektorok 2026-ban: 7 ipar\\u00e1g, amelyek struktur\\u00e1lis n\\u00f6veked\\u00e9sre vannak be\\u00e1ll\\u00edtva\",\"author\":{\"@id\":\"https:\\\/\\\/trader-magazine.com\\\/hu\\\/author\\\/sh\\\/#author\"},\"publisher\":{\"@id\":\"https:\\\/\\\/trader-magazine.com\\\/hu\\\/#organization\"},\"image\":{\"@type\":\"ImageObject\",\"url\":\"https:\\\/\\\/trader-magazine.com\\\/wp-content\\\/uploads\\\/2026\\\/09\\\/AdobeStock_2172916908.jpeg\",\"width\":1920,\"height\":1080,\"caption\":\"A businessman presents a virtual financial chart displaying a rising trend, symbolizing growth and success in investments and market strategies in the finance sector. Copula SSUCv3H4sIAAAAAAAACpySz26DMAzG75P2DijnIgGhhe5Vqh1M4hZraVIlodNU9d2XP1Bl193wz\\\/ZnfzGP97eqYhM4EuyjesQoxKTU4rwFT0YH3OxWblFLtCW5W35oSgBURijJG0ugSjiBF7OGKwaoF6UifqYkcx784tDFXVYkwOMlaGT4ksgLn3JcbYmUDB0hxdiuYG6ZEttQFv9XZ\\\/74fBm+oBY\\\/aeHCiEWFkI2ccin7+vZor6U1WCSZwtXdCFCxgBdKQDew8KfvZkmQvhTE+DndZVMSZtHexq1eZpgy5gaTiq9+DmNw4zM4F8rlxovZIvwF5lrM0cYnT6sqk+E4MWw5Pw7Hpuf7fuy7duTjWpAPOlPQSetsQiEWXyRLVxQ3YOcOEDsY6pHLtu6b9lDD0Mh6aPfN1OE4TCjCLZ6\\\/AAAA\\\/\\\/8DALZNSiO5AgAA\"},\"datePublished\":\"2026-09-02T11:25:31+02:00\",\"dateModified\":\"2026-09-02T11:25:31+02:00\",\"inLanguage\":\"hu-HU\",\"mainEntityOfPage\":{\"@id\":\"https:\\\/\\\/trader-magazine.com\\\/hu\\\/stock-market\\\/a-legjobb-befektetesi-szektorok-2026-ban-7-iparag-amelyek-strukturalis-novekedesre-vannak-beallitva\\\/#webpage\"},\"isPartOf\":{\"@id\":\"https:\\\/\\\/trader-magazine.com\\\/hu\\\/stock-market\\\/a-legjobb-befektetesi-szektorok-2026-ban-7-iparag-amelyek-strukturalis-novekedesre-vannak-beallitva\\\/#webpage\"},\"articleSection\":\"Stock Market, befektet\\u00e9s, best sectors to invest in 2026, Economy, Stock market, Optional\"},{\"@type\":\"BreadcrumbList\",\"@id\":\"https:\\\/\\\/trader-magazine.com\\\/hu\\\/stock-market\\\/a-legjobb-befektetesi-szektorok-2026-ban-7-iparag-amelyek-strukturalis-novekedesre-vannak-beallitva\\\/#breadcrumblist\",\"itemListElement\":[{\"@type\":\"ListItem\",\"@id\":\"https:\\\/\\\/trader-magazine.com\\\/hu\\\/#listItem\",\"position\":1,\"name\":\"Home\",\"item\":\"https:\\\/\\\/trader-magazine.com\\\/hu\\\/\",\"nextItem\":{\"@type\":\"ListItem\",\"@id\":\"https:\\\/\\\/trader-magazine.com\\\/category\\\/stock-market\\\/#listItem\",\"name\":\"Stock Market\"}},{\"@type\":\"ListItem\",\"@id\":\"https:\\\/\\\/trader-magazine.com\\\/category\\\/stock-market\\\/#listItem\",\"position\":2,\"name\":\"Stock Market\",\"item\":\"https:\\\/\\\/trader-magazine.com\\\/category\\\/stock-market\\\/\",\"nextItem\":{\"@type\":\"ListItem\",\"@id\":\"https:\\\/\\\/trader-magazine.com\\\/hu\\\/stock-market\\\/a-legjobb-befektetesi-szektorok-2026-ban-7-iparag-amelyek-strukturalis-novekedesre-vannak-beallitva\\\/#listItem\",\"name\":\"A legjobb befektet\\u00e9si szektorok 2026-ban: 7 ipar\\u00e1g, amelyek struktur\\u00e1lis n\\u00f6veked\\u00e9sre vannak be\\u00e1ll\\u00edtva\"},\"previousItem\":{\"@type\":\"ListItem\",\"@id\":\"https:\\\/\\\/trader-magazine.com\\\/hu\\\/#listItem\",\"name\":\"Home\"}},{\"@type\":\"ListItem\",\"@id\":\"https:\\\/\\\/trader-magazine.com\\\/hu\\\/stock-market\\\/a-legjobb-befektetesi-szektorok-2026-ban-7-iparag-amelyek-strukturalis-novekedesre-vannak-beallitva\\\/#listItem\",\"position\":3,\"name\":\"A legjobb befektet\\u00e9si szektorok 2026-ban: 7 ipar\\u00e1g, amelyek struktur\\u00e1lis n\\u00f6veked\\u00e9sre vannak be\\u00e1ll\\u00edtva\",\"previousItem\":{\"@type\":\"ListItem\",\"@id\":\"https:\\\/\\\/trader-magazine.com\\\/category\\\/stock-market\\\/#listItem\",\"name\":\"Stock Market\"}}]},{\"@type\":\"Organization\",\"@id\":\"https:\\\/\\\/trader-magazine.com\\\/hu\\\/#organization\",\"name\":\"Trader-Magazine.com\",\"description\":\"Mezin\\u00e1rodn\\u00ed port\\u00e1l finan\\u010dn\\u00edho vzd\\u011bl\\u00e1v\\u00e1n\\u00ed se zam\\u011b\\u0159en\\u00edm na investice. V sou\\u010dasn\\u00e9 dob\\u011b vych\\u00e1z\\u00ed v 6 jazykov\\u00fdch verz\\u00edch a p\\u0159in\\u00e1\\u0161\\u00ed denn\\u011b aktualizovan\\u00e9 zpr\\u00e1vy, recenze, varov\\u00e1n\\u00ed a vzd\\u011bl\\u00e1vac\\u00ed \\u010dl\\u00e1nky relevantn\\u00ed pro investory z cel\\u00e9ho sv\\u011bta.\",\"url\":\"https:\\\/\\\/trader-magazine.com\\\/hu\\\/\",\"email\":\"info@trader-magazine.com\",\"logo\":{\"@type\":\"ImageObject\",\"url\":\"https:\\\/\\\/trader-magazine.com\\\/wp-content\\\/uploads\\\/2026\\\/01\\\/logo_logo4-B-kopie.png\",\"@id\":\"https:\\\/\\\/trader-magazine.com\\\/hu\\\/stock-market\\\/a-legjobb-befektetesi-szektorok-2026-ban-7-iparag-amelyek-strukturalis-novekedesre-vannak-beallitva\\\/#organizationLogo\",\"width\":1586,\"height\":555},\"image\":{\"@id\":\"https:\\\/\\\/trader-magazine.com\\\/hu\\\/stock-market\\\/a-legjobb-befektetesi-szektorok-2026-ban-7-iparag-amelyek-strukturalis-novekedesre-vannak-beallitva\\\/#organizationLogo\"}},{\"@type\":\"Person\",\"@id\":\"https:\\\/\\\/trader-magazine.com\\\/hu\\\/author\\\/sh\\\/#author\",\"url\":\"https:\\\/\\\/trader-magazine.com\\\/hu\\\/author\\\/sh\\\/\",\"name\":\"\\u0160imon Hauser\",\"sameAs\":[\"https:\\\/\\\/www.linkedin.com\\\/in\\\/imon-hauser-28382622a\"],\"description\":\"Editor and Financial Market Analyst focusing on Fintech and Digitalization \\u0160imon Hauser is a prominent Czech journalist and analyst dedicated to the long-term evolution of global capital markets, investing, and technological innovation within the financial sector. As a key editor for the professional portal Trader-Magazine.com, he focuses on the transformation of the financial industry in the digital era and the growing role of fintech. In his analyses and articles, \\u0160imon focuses on:   Investment Strategies: Helping retail investors navigate complex economic events.   Cryptocurrencies and Web3: Tracking the adoption of digital assets and their integration into traditional portfolios.   Technological Innovation: Analyzing how AI and emerging technologies are reshaping the relationship between people, money, and markets.   Professional Experience and Education \\u0160imon built his professional foundation by studying journalism at Palack\\u00fd University Olomouc (UPOL). Before joining Trader-Magazine.com, he gained valuable experience at the marketing magazine Marketing &amp; Media, where he specialized in social media and influencer marketing\\u2014skills he now applies to analyzing market sentiment and investor behavior. His broad perspective is further complemented by previous collaboration with the lifestyle magazine LUI, where he covered social issues and culture. Author\\u2019s Mission \\u0160imon\\u2019s goal is to demystify complex economic concepts and explain them within broader social contexts. He believes that the clear interpretation of data is the key to successful investing in the 21st century.\",\"knowsLanguage\":[\"English\",\"Czech\"],\"image\":{\"@type\":\"ImageObject\",\"url\":\"https:\\\/\\\/secure.gravatar.com\\\/avatar\\\/a2c3612bf2331edd292db189473983b38228d1707aae936d8433adfa37212843?s=96&d=mm&r=g\"}},{\"@type\":\"WebPage\",\"@id\":\"https:\\\/\\\/trader-magazine.com\\\/hu\\\/stock-market\\\/a-legjobb-befektetesi-szektorok-2026-ban-7-iparag-amelyek-strukturalis-novekedesre-vannak-beallitva\\\/#webpage\",\"url\":\"https:\\\/\\\/trader-magazine.com\\\/hu\\\/stock-market\\\/a-legjobb-befektetesi-szektorok-2026-ban-7-iparag-amelyek-strukturalis-novekedesre-vannak-beallitva\\\/\",\"name\":\"legjobb befektet\\u00e9si szektorok 2026-ban: Legjobb szektorok...\",\"description\":\"legjobb befektet\\u00e9si szektorok 2026-ban. 2026-ban val\\u00f3 befektet\\u00e9shez v\\u00e1lassza a legjobb szektorokat. AI, f\\u00e9lvezet\\u0151k, kiberbiztons\\u00e1g \\u00e9s energia az \\u00edg\\u00e9retes \\u00e1ga...\",\"inLanguage\":\"hu-HU\",\"isPartOf\":{\"@id\":\"https:\\\/\\\/trader-magazine.com\\\/hu\\\/#website\"},\"breadcrumb\":{\"@id\":\"https:\\\/\\\/trader-magazine.com\\\/hu\\\/stock-market\\\/a-legjobb-befektetesi-szektorok-2026-ban-7-iparag-amelyek-strukturalis-novekedesre-vannak-beallitva\\\/#breadcrumblist\"},\"author\":{\"@id\":\"https:\\\/\\\/trader-magazine.com\\\/hu\\\/author\\\/sh\\\/#author\"},\"creator\":{\"@id\":\"https:\\\/\\\/trader-magazine.com\\\/hu\\\/author\\\/sh\\\/#author\"},\"image\":{\"@type\":\"ImageObject\",\"url\":\"https:\\\/\\\/trader-magazine.com\\\/wp-content\\\/uploads\\\/2026\\\/09\\\/AdobeStock_2172916908.jpeg\",\"@id\":\"https:\\\/\\\/trader-magazine.com\\\/hu\\\/stock-market\\\/a-legjobb-befektetesi-szektorok-2026-ban-7-iparag-amelyek-strukturalis-novekedesre-vannak-beallitva\\\/#mainImage\",\"width\":1920,\"height\":1080,\"caption\":\"A businessman presents a virtual financial chart displaying a rising trend, symbolizing growth and success in investments and market strategies in the finance sector. Copula SSUCv3H4sIAAAAAAAACpySz26DMAzG75P2DijnIgGhhe5Vqh1M4hZraVIlodNU9d2XP1Bl193wz\\\/ZnfzGP97eqYhM4EuyjesQoxKTU4rwFT0YH3OxWblFLtCW5W35oSgBURijJG0ugSjiBF7OGKwaoF6UifqYkcx784tDFXVYkwOMlaGT4ksgLn3JcbYmUDB0hxdiuYG6ZEttQFv9XZ\\\/74fBm+oBY\\\/aeHCiEWFkI2ccin7+vZor6U1WCSZwtXdCFCxgBdKQDew8KfvZkmQvhTE+DndZVMSZtHexq1eZpgy5gaTiq9+DmNw4zM4F8rlxovZIvwF5lrM0cYnT6sqk+E4MWw5Pw7Hpuf7fuy7duTjWpAPOlPQSetsQiEWXyRLVxQ3YOcOEDsY6pHLtu6b9lDD0Mh6aPfN1OE4TCjCLZ6\\\/AAAA\\\/\\\/8DALZNSiO5AgAA\"},\"primaryImageOfPage\":{\"@id\":\"https:\\\/\\\/trader-magazine.com\\\/hu\\\/stock-market\\\/a-legjobb-befektetesi-szektorok-2026-ban-7-iparag-amelyek-strukturalis-novekedesre-vannak-beallitva\\\/#mainImage\"},\"datePublished\":\"2026-09-02T11:25:31+02:00\",\"dateModified\":\"2026-09-02T11:25:31+02:00\"},{\"@type\":\"WebSite\",\"@id\":\"https:\\\/\\\/trader-magazine.com\\\/hu\\\/#website\",\"url\":\"https:\\\/\\\/trader-magazine.com\\\/hu\\\/\",\"name\":\"Trader Magazine\",\"description\":\"Trader Magazine - Investment magazine - Reviews\",\"inLanguage\":\"hu-HU\",\"publisher\":{\"@id\":\"https:\\\/\\\/trader-magazine.com\\\/hu\\\/#organization\"}}]}\n\t\t<\/script>\n\t\t<!-- All in One SEO Pro -->\r\n\t\t<title>legjobb befektet\u00e9si szektorok 2026-ban: Legjobb szektorok...<\/title>\n\n","aioseo_head_json":{"title":"legjobb befektet\u00e9si szektorok 2026-ban: Legjobb szektorok...","description":"legjobb befektet\u00e9si szektorok 2026-ban. 2026-ban val\u00f3 befektet\u00e9shez v\u00e1lassza a legjobb szektorokat. AI, f\u00e9lvezet\u0151k, kiberbiztons\u00e1g \u00e9s energia az \u00edg\u00e9retes \u00e1ga...","canonical_url":"https:\/\/trader-magazine.com\/hu\/stock-market\/a-legjobb-befektetesi-szektorok-2026-ban-7-iparag-amelyek-strukturalis-novekedesre-vannak-beallitva\/","robots":"max-image-preview:large","keywords":"","webmasterTools":{"miscellaneous":""},"schema":{"@context":"https:\/\/schema.org","@graph":[{"@type":"Article","@id":"https:\/\/trader-magazine.com\/hu\/stock-market\/a-legjobb-befektetesi-szektorok-2026-ban-7-iparag-amelyek-strukturalis-novekedesre-vannak-beallitva\/#article","name":"legjobb befektet\u00e9si szektorok 2026-ban: Legjobb szektorok...","headline":"A legjobb befektet\u00e9si szektorok 2026-ban: 7 ipar\u00e1g, amelyek struktur\u00e1lis n\u00f6veked\u00e9sre vannak be\u00e1ll\u00edtva","author":{"@id":"https:\/\/trader-magazine.com\/hu\/author\/sh\/#author"},"publisher":{"@id":"https:\/\/trader-magazine.com\/hu\/#organization"},"image":{"@type":"ImageObject","url":"https:\/\/trader-magazine.com\/wp-content\/uploads\/2026\/09\/AdobeStock_2172916908.jpeg","width":1920,"height":1080,"caption":"A businessman presents a virtual financial chart displaying a rising trend, symbolizing growth and success in investments and market strategies in the finance sector. Copula SSUCv3H4sIAAAAAAAACpySz26DMAzG75P2DijnIgGhhe5Vqh1M4hZraVIlodNU9d2XP1Bl193wz\/ZnfzGP97eqYhM4EuyjesQoxKTU4rwFT0YH3OxWblFLtCW5W35oSgBURijJG0ugSjiBF7OGKwaoF6UifqYkcx784tDFXVYkwOMlaGT4ksgLn3JcbYmUDB0hxdiuYG6ZEttQFv9XZ\/74fBm+oBY\/aeHCiEWFkI2ccin7+vZor6U1WCSZwtXdCFCxgBdKQDew8KfvZkmQvhTE+DndZVMSZtHexq1eZpgy5gaTiq9+DmNw4zM4F8rlxovZIvwF5lrM0cYnT6sqk+E4MWw5Pw7Hpuf7fuy7duTjWpAPOlPQSetsQiEWXyRLVxQ3YOcOEDsY6pHLtu6b9lDD0Mh6aPfN1OE4TCjCLZ6\/AAAA\/\/8DALZNSiO5AgAA"},"datePublished":"2026-09-02T11:25:31+02:00","dateModified":"2026-09-02T11:25:31+02:00","inLanguage":"hu-HU","mainEntityOfPage":{"@id":"https:\/\/trader-magazine.com\/hu\/stock-market\/a-legjobb-befektetesi-szektorok-2026-ban-7-iparag-amelyek-strukturalis-novekedesre-vannak-beallitva\/#webpage"},"isPartOf":{"@id":"https:\/\/trader-magazine.com\/hu\/stock-market\/a-legjobb-befektetesi-szektorok-2026-ban-7-iparag-amelyek-strukturalis-novekedesre-vannak-beallitva\/#webpage"},"articleSection":"Stock Market, befektet\u00e9s, best sectors to invest in 2026, Economy, Stock market, Optional"},{"@type":"BreadcrumbList","@id":"https:\/\/trader-magazine.com\/hu\/stock-market\/a-legjobb-befektetesi-szektorok-2026-ban-7-iparag-amelyek-strukturalis-novekedesre-vannak-beallitva\/#breadcrumblist","itemListElement":[{"@type":"ListItem","@id":"https:\/\/trader-magazine.com\/hu\/#listItem","position":1,"name":"Home","item":"https:\/\/trader-magazine.com\/hu\/","nextItem":{"@type":"ListItem","@id":"https:\/\/trader-magazine.com\/category\/stock-market\/#listItem","name":"Stock Market"}},{"@type":"ListItem","@id":"https:\/\/trader-magazine.com\/category\/stock-market\/#listItem","position":2,"name":"Stock Market","item":"https:\/\/trader-magazine.com\/category\/stock-market\/","nextItem":{"@type":"ListItem","@id":"https:\/\/trader-magazine.com\/hu\/stock-market\/a-legjobb-befektetesi-szektorok-2026-ban-7-iparag-amelyek-strukturalis-novekedesre-vannak-beallitva\/#listItem","name":"A legjobb befektet\u00e9si szektorok 2026-ban: 7 ipar\u00e1g, amelyek struktur\u00e1lis n\u00f6veked\u00e9sre vannak be\u00e1ll\u00edtva"},"previousItem":{"@type":"ListItem","@id":"https:\/\/trader-magazine.com\/hu\/#listItem","name":"Home"}},{"@type":"ListItem","@id":"https:\/\/trader-magazine.com\/hu\/stock-market\/a-legjobb-befektetesi-szektorok-2026-ban-7-iparag-amelyek-strukturalis-novekedesre-vannak-beallitva\/#listItem","position":3,"name":"A legjobb befektet\u00e9si szektorok 2026-ban: 7 ipar\u00e1g, amelyek struktur\u00e1lis n\u00f6veked\u00e9sre vannak be\u00e1ll\u00edtva","previousItem":{"@type":"ListItem","@id":"https:\/\/trader-magazine.com\/category\/stock-market\/#listItem","name":"Stock Market"}}]},{"@type":"Organization","@id":"https:\/\/trader-magazine.com\/hu\/#organization","name":"Trader-Magazine.com","description":"Mezin\u00e1rodn\u00ed port\u00e1l finan\u010dn\u00edho vzd\u011bl\u00e1v\u00e1n\u00ed se zam\u011b\u0159en\u00edm na investice. V sou\u010dasn\u00e9 dob\u011b vych\u00e1z\u00ed v 6 jazykov\u00fdch verz\u00edch a p\u0159in\u00e1\u0161\u00ed denn\u011b aktualizovan\u00e9 zpr\u00e1vy, recenze, varov\u00e1n\u00ed a vzd\u011bl\u00e1vac\u00ed \u010dl\u00e1nky relevantn\u00ed pro investory z cel\u00e9ho sv\u011bta.","url":"https:\/\/trader-magazine.com\/hu\/","email":"info@trader-magazine.com","logo":{"@type":"ImageObject","url":"https:\/\/trader-magazine.com\/wp-content\/uploads\/2026\/01\/logo_logo4-B-kopie.png","@id":"https:\/\/trader-magazine.com\/hu\/stock-market\/a-legjobb-befektetesi-szektorok-2026-ban-7-iparag-amelyek-strukturalis-novekedesre-vannak-beallitva\/#organizationLogo","width":1586,"height":555},"image":{"@id":"https:\/\/trader-magazine.com\/hu\/stock-market\/a-legjobb-befektetesi-szektorok-2026-ban-7-iparag-amelyek-strukturalis-novekedesre-vannak-beallitva\/#organizationLogo"}},{"@type":"Person","@id":"https:\/\/trader-magazine.com\/hu\/author\/sh\/#author","url":"https:\/\/trader-magazine.com\/hu\/author\/sh\/","name":"\u0160imon Hauser","sameAs":["https:\/\/www.linkedin.com\/in\/imon-hauser-28382622a"],"description":"Editor and Financial Market Analyst focusing on Fintech and Digitalization \u0160imon Hauser is a prominent Czech journalist and analyst dedicated to the long-term evolution of global capital markets, investing, and technological innovation within the financial sector. As a key editor for the professional portal Trader-Magazine.com, he focuses on the transformation of the financial industry in the digital era and the growing role of fintech. In his analyses and articles, \u0160imon focuses on:   Investment Strategies: Helping retail investors navigate complex economic events.   Cryptocurrencies and Web3: Tracking the adoption of digital assets and their integration into traditional portfolios.   Technological Innovation: Analyzing how AI and emerging technologies are reshaping the relationship between people, money, and markets.   Professional Experience and Education \u0160imon built his professional foundation by studying journalism at Palack\u00fd University Olomouc (UPOL). Before joining Trader-Magazine.com, he gained valuable experience at the marketing magazine Marketing &amp; Media, where he specialized in social media and influencer marketing\u2014skills he now applies to analyzing market sentiment and investor behavior. His broad perspective is further complemented by previous collaboration with the lifestyle magazine LUI, where he covered social issues and culture. Author\u2019s Mission \u0160imon\u2019s goal is to demystify complex economic concepts and explain them within broader social contexts. He believes that the clear interpretation of data is the key to successful investing in the 21st century.","knowsLanguage":["English","Czech"],"image":{"@type":"ImageObject","url":"https:\/\/secure.gravatar.com\/avatar\/a2c3612bf2331edd292db189473983b38228d1707aae936d8433adfa37212843?s=96&d=mm&r=g"}},{"@type":"WebPage","@id":"https:\/\/trader-magazine.com\/hu\/stock-market\/a-legjobb-befektetesi-szektorok-2026-ban-7-iparag-amelyek-strukturalis-novekedesre-vannak-beallitva\/#webpage","url":"https:\/\/trader-magazine.com\/hu\/stock-market\/a-legjobb-befektetesi-szektorok-2026-ban-7-iparag-amelyek-strukturalis-novekedesre-vannak-beallitva\/","name":"legjobb befektet\u00e9si szektorok 2026-ban: Legjobb szektorok...","description":"legjobb befektet\u00e9si szektorok 2026-ban. 2026-ban val\u00f3 befektet\u00e9shez v\u00e1lassza a legjobb szektorokat. AI, f\u00e9lvezet\u0151k, kiberbiztons\u00e1g \u00e9s energia az \u00edg\u00e9retes \u00e1ga...","inLanguage":"hu-HU","isPartOf":{"@id":"https:\/\/trader-magazine.com\/hu\/#website"},"breadcrumb":{"@id":"https:\/\/trader-magazine.com\/hu\/stock-market\/a-legjobb-befektetesi-szektorok-2026-ban-7-iparag-amelyek-strukturalis-novekedesre-vannak-beallitva\/#breadcrumblist"},"author":{"@id":"https:\/\/trader-magazine.com\/hu\/author\/sh\/#author"},"creator":{"@id":"https:\/\/trader-magazine.com\/hu\/author\/sh\/#author"},"image":{"@type":"ImageObject","url":"https:\/\/trader-magazine.com\/wp-content\/uploads\/2026\/09\/AdobeStock_2172916908.jpeg","@id":"https:\/\/trader-magazine.com\/hu\/stock-market\/a-legjobb-befektetesi-szektorok-2026-ban-7-iparag-amelyek-strukturalis-novekedesre-vannak-beallitva\/#mainImage","width":1920,"height":1080,"caption":"A businessman presents a virtual financial chart displaying a rising trend, symbolizing growth and success in investments and market strategies in the finance sector. Copula SSUCv3H4sIAAAAAAAACpySz26DMAzG75P2DijnIgGhhe5Vqh1M4hZraVIlodNU9d2XP1Bl193wz\/ZnfzGP97eqYhM4EuyjesQoxKTU4rwFT0YH3OxWblFLtCW5W35oSgBURijJG0ugSjiBF7OGKwaoF6UifqYkcx784tDFXVYkwOMlaGT4ksgLn3JcbYmUDB0hxdiuYG6ZEttQFv9XZ\/74fBm+oBY\/aeHCiEWFkI2ccin7+vZor6U1WCSZwtXdCFCxgBdKQDew8KfvZkmQvhTE+DndZVMSZtHexq1eZpgy5gaTiq9+DmNw4zM4F8rlxovZIvwF5lrM0cYnT6sqk+E4MWw5Pw7Hpuf7fuy7duTjWpAPOlPQSetsQiEWXyRLVxQ3YOcOEDsY6pHLtu6b9lDD0Mh6aPfN1OE4TCjCLZ6\/AAAA\/\/8DALZNSiO5AgAA"},"primaryImageOfPage":{"@id":"https:\/\/trader-magazine.com\/hu\/stock-market\/a-legjobb-befektetesi-szektorok-2026-ban-7-iparag-amelyek-strukturalis-novekedesre-vannak-beallitva\/#mainImage"},"datePublished":"2026-09-02T11:25:31+02:00","dateModified":"2026-09-02T11:25:31+02:00"},{"@type":"WebSite","@id":"https:\/\/trader-magazine.com\/hu\/#website","url":"https:\/\/trader-magazine.com\/hu\/","name":"Trader Magazine","description":"Trader Magazine - Investment magazine - Reviews","inLanguage":"hu-HU","publisher":{"@id":"https:\/\/trader-magazine.com\/hu\/#organization"}}]},"og:locale":"hu_HU","og:site_name":"ForexMag","og:type":"article","og:title":"legjobb befektet\u00e9si szektorok 2026-ban: Legjobb szektorok...","og:description":"legjobb befektet\u00e9si szektorok 2026-ban. 2026-ban val\u00f3 befektet\u00e9shez v\u00e1lassza a legjobb szektorokat. AI, f\u00e9lvezet\u0151k, kiberbiztons\u00e1g \u00e9s energia az \u00edg\u00e9retes \u00e1ga...","og:url":"https:\/\/trader-magazine.com\/hu\/stock-market\/a-legjobb-befektetesi-szektorok-2026-ban-7-iparag-amelyek-strukturalis-novekedesre-vannak-beallitva\/","article:published_time":"2026-09-02T09:25:31+00:00","article:modified_time":"2026-09-02T09:25:31+00:00","twitter:card":"summary","twitter:title":"legjobb befektet\u00e9si szektorok 2026-ban: Legjobb szektorok...","twitter:description":"legjobb befektet\u00e9si szektorok 2026-ban. 2026-ban val\u00f3 befektet\u00e9shez v\u00e1lassza a legjobb szektorokat. AI, f\u00e9lvezet\u0151k, kiberbiztons\u00e1g \u00e9s energia az \u00edg\u00e9retes \u00e1ga..."},"aioseo_meta_data":{"post_id":"88792","title":"legjobb befektet\u00e9si szektorok 2026-ban: Legjobb szektorok...","description":"legjobb befektet\u00e9si szektorok 2026-ban. 2026-ban val\u00f3 befektet\u00e9shez v\u00e1lassza a legjobb szektorokat. AI, f\u00e9lvezet\u0151k, kiberbiztons\u00e1g \u00e9s energia az \u00edg\u00e9retes \u00e1ga...","keywords":null,"keyphrases":{"focus":{"keyphrase":"legjobb befektet\u00e9si szektorok 2026-ban","score":0,"analysis":[]},"additional":[]},"primary_term":null,"canonical_url":null,"og_title":null,"og_description":null,"og_object_type":"default","og_image_type":"default","og_image_url":null,"og_image_width":null,"og_image_height":null,"og_image_custom_url":null,"og_image_custom_fields":null,"og_video":null,"og_custom_url":null,"og_article_section":null,"og_article_tags":null,"twitter_use_og":false,"twitter_card":"default","twitter_image_type":"default","twitter_image_url":null,"twitter_image_custom_url":null,"twitter_image_custom_fields":null,"twitter_title":null,"twitter_description":null,"schema":{"blockGraphs":[],"customGraphs":[],"default":{"data":{"Article":[],"Course":[],"Dataset":[],"FAQPage":[],"Movie":[],"Person":[],"Product":[],"ProductReview":[],"Car":[],"Recipe":[],"Service":[],"SoftwareApplication":[],"WebPage":[]},"graphName":"","isEnabled":true},"graphs":[]},"schema_type":"default","schema_type_options":null,"pillar_content":false,"robots_default":true,"robots_noindex":false,"robots_noarchive":false,"robots_nosnippet":false,"robots_nofollow":false,"robots_noimageindex":false,"robots_noodp":false,"robots_notranslate":false,"robots_max_snippet":null,"robots_max_videopreview":null,"robots_max_imagepreview":"large","priority":null,"frequency":null,"local_seo":null,"seo_analyzer_scan_date":"2026-09-02 09:28:08","breadcrumb_settings":null,"limit_modified_date":false,"reviewed_by":null,"open_ai":null,"ai":null,"created":"2026-09-02 09:18:21","updated":"2026-09-02 09:28:08","focus_keyword":"legjobb befektet\u00e9si szektorok 2026-ban","additional_keywords":null,"truseo_locale":null},"aioseo_breadcrumb":"<div class=\"aioseo-breadcrumbs\"><span class=\"aioseo-breadcrumb\">\n\t<a href=\"https:\/\/trader-magazine.com\/hu\/\" title=\"Home\">Home<\/a>\n<\/span><span class=\"aioseo-breadcrumb-separator\">\u00bb<\/span><span class=\"aioseo-breadcrumb\">\n\t<a href=\"https:\/\/trader-magazine.com\/category\/stock-market\/\" title=\"Stock Market\">Stock Market<\/a>\n<\/span><span class=\"aioseo-breadcrumb-separator\">\u00bb<\/span><span class=\"aioseo-breadcrumb\">\n\tA legjobb befektet\u00e9si szektorok 2026-ban: 7 ipar\u00e1g, amelyek struktur\u00e1lis n\u00f6veked\u00e9sre vannak be\u00e1ll\u00edtva\n<\/span><\/div>","aioseo_breadcrumb_json":[{"label":"Home","link":"https:\/\/trader-magazine.com\/hu\/"},{"label":"Stock Market","link":"https:\/\/trader-magazine.com\/category\/stock-market\/"},{"label":"A legjobb befektet\u00e9si szektorok 2026-ban: 7 ipar\u00e1g, amelyek struktur\u00e1lis n\u00f6veked\u00e9sre vannak be\u00e1ll\u00edtva","link":"https:\/\/trader-magazine.com\/hu\/stock-market\/a-legjobb-befektetesi-szektorok-2026-ban-7-iparag-amelyek-strukturalis-novekedesre-vannak-beallitva\/"}],"yasr_visitor_votes":{"stars_attributes":{"read_only":false,"span_bottom":false},"number_of_votes":0,"sum_votes":0},"aioseo_meta":{"seo_title":"legjobb befektet\u00e9si szektorok 2026-ban: Legjobb szektorok...","meta_description":"legjobb befektet\u00e9si szektorok 2026-ban. 2026-ban val\u00f3 befektet\u00e9shez v\u00e1lassza a legjobb szektorokat. AI, f\u00e9lvezet\u0151k, kiberbiztons\u00e1g \u00e9s energia az \u00edg\u00e9retes \u00e1ga...","focus_keyword":"legjobb befektet\u00e9si szektorok 2026-ban"},"_links":{"self":[{"href":"https:\/\/trader-magazine.com\/hu\/wp-json\/wp\/v2\/posts\/88792","targetHints":{"allow":["GET"]}}],"collection":[{"href":"https:\/\/trader-magazine.com\/hu\/wp-json\/wp\/v2\/posts"}],"about":[{"href":"https:\/\/trader-magazine.com\/hu\/wp-json\/wp\/v2\/types\/post"}],"author":[{"embeddable":true,"href":"https:\/\/trader-magazine.com\/hu\/wp-json\/wp\/v2\/users\/49"}],"replies":[{"embeddable":true,"href":"https:\/\/trader-magazine.com\/hu\/wp-json\/wp\/v2\/comments?post=88792"}],"version-history":[{"count":1,"href":"https:\/\/trader-magazine.com\/hu\/wp-json\/wp\/v2\/posts\/88792\/revisions"}],"predecessor-version":[{"id":88795,"href":"https:\/\/trader-magazine.com\/hu\/wp-json\/wp\/v2\/posts\/88792\/revisions\/88795"}],"wp:featuredmedia":[{"embeddable":true,"href":"https:\/\/trader-magazine.com\/hu\/wp-json\/wp\/v2\/media\/88780"}],"wp:attachment":[{"href":"https:\/\/trader-magazine.com\/hu\/wp-json\/wp\/v2\/media?parent=88792"}],"wp:term":[{"taxonomy":"category","embeddable":true,"href":"https:\/\/trader-magazine.com\/hu\/wp-json\/wp\/v2\/categories?post=88792"},{"taxonomy":"post_tag","embeddable":true,"href":"https:\/\/trader-magazine.com\/hu\/wp-json\/wp\/v2\/tags?post=88792"}],"curies":[{"name":"wp","href":"https:\/\/api.w.org\/{rel}","templated":true}]}}