{"id":88849,"date":"2026-09-04T11:37:17","date_gmt":"2026-09-04T09:37:17","guid":{"rendered":"https:\/\/trader-magazine.com\/?p=88849"},"modified":"2026-09-04T11:37:19","modified_gmt":"2026-09-04T09:37:19","slug":"cinska-xiaomi-planuje-zahajit-prodej-svych-elektromobilu-v-evrope-v-r-2027","status":"publish","type":"post","link":"https:\/\/trader-magazine.com\/cs\/novinky\/cinska-xiaomi-planuje-zahajit-prodej-svych-elektromobilu-v-evrope-v-r-2027\/","title":{"rendered":"\u010c\u00ednsk\u00e1 Xiaomi pl\u00e1nuje zah\u00e1jit prodej sv\u00fdch elektromobil\u016f v Evrop\u011b v r. 2027"},"content":{"rendered":"\n<p class=\"wp-block-paragraph\"><strong>\u010c\u00ednsk\u00e1 skupina Xiaomi p\u0159ipravuje zah\u00e1jen\u00ed prodeje sv\u00fdch elektromobil\u016f v Evrop\u011b v roce 2027. Spole\u010dnost podepsala p\u0159edb\u011b\u017enou dohodu s osmi skupinami prodejc\u016f automobil\u016f v N\u011bmecku, \u010d\u00edm\u017e polo\u017eila z\u00e1klady pro pl\u00e1novan\u00fd vstup na evropsk\u00fd trh. Ozn\u00e1mila to podle agentury <a href=\"https:\/\/www.dpa.com\/en\" target=\"_blank\" rel=\"noopener\" title=\"\">DPA<\/a> spole\u010dnost na technologick\u00e9m veletrhu IFA v Berl\u00edn\u011b.<\/strong><\/p>\n\n\n\n<h3 class=\"wp-block-heading has-text-align-center\">Mohlo by V\u00e1s zaj\u00edmat: <a href=\"http:\/\/Mohlo by V\u00e1s zaj\u00edmat: Nal\u00e1kali v\u00e1s na rychl\u00e9 pen\u00edze? Pyramidov\u00e1 hra alias letadlo p\u0159ipravila tis\u00edce lid\u00ed o \u00faspory\" target=\"_blank\" rel=\"noopener\" title=\"\">Nal\u00e1kali v\u00e1s na rychl\u00e9 pen\u00edze? Pyramidov\u00e1 hra alias letadlo p\u0159ipravila tis\u00edce lid\u00ed o \u00faspory<\/a><\/h3>\n\n\n\n<h2 class=\"wp-block-heading\">Xiaomi se chyst\u00e1 na vstup do Evropy. S\u00ed\u0165 prodejc\u016f a servis\u016f vybuduje s p\u0159edn\u00edmi n\u011bmeck\u00fdmi partnery<\/h2>\n\n\n\n<p class=\"wp-block-paragraph\">Mezi partnery pat\u0159\u00ed Emil Frey Germany, Ernst Dello Gruppe, Autohaus Dinnebier, Hahn Automobile, LUEG Mobility Gruppe, Fett &amp; Wirtz, SPT Avior a Penske-Jacobs. Spolupr\u00e1ce m\u00e1 vytvo\u0159it z\u00e1klad pro celoplo\u0161nou s\u00ed\u0165 prodejc\u016f a servis\u016f. <a href=\"https:\/\/trader-magazine.com\/cs\/novinky\/ctvrtletni-zisk-xiaomi-kvuli-rostoucim-nakladum-na-pametove-cipy-klesl\/\" target=\"_blank\" rel=\"noopener\" title=\"\">Xiaomi<\/a> tak chce p\u0159ed vstupem na evropsk\u00fd trh vybudovat pot\u0159ebn\u00e9 z\u00e1zem\u00ed pro z\u00e1kazn\u00edky.<\/p>\n\n\n\n<p class=\"wp-block-paragraph\">Xiaomi v <a href=\"https:\/\/trader-magazine.com\/cs\/novinky\/cina-posila-na-krizovatky-roboticke-policisty-zatim-bez-pravomoci-zatykat\/\" target=\"_blank\" rel=\"noopener\" title=\"\">\u010c\u00edn\u011b<\/a> podle vlastn\u00edch \u00fadaj\u016f od zah\u00e1jen\u00ed prodeje sv\u00e9 elektrick\u00e9 limuz\u00edny SU7 na ja\u0159e 2024 dodala z\u00e1kazn\u00edk\u016fm ji\u017e v\u00edce ne\u017e 700.000 vozidel. A\u017e doned\u00e1vna firma se vstupem na evropsk\u00fd trh v\u00e1hala, proto\u017ee jej\u00ed v\u00fdrobn\u00ed kapacity byly kv\u016fli vysok\u00e9 popt\u00e1vce na dom\u00e1c\u00edm trhu pln\u011b vyt\u00ed\u017een\u00e9.<\/p>\n\n\n\n<h3 class=\"wp-block-heading has-text-align-center\">\u010ct\u011bte v\u00edce: <a href=\"https:\/\/trader-magazine.com\/cs\/recenze\/etoro-aktualne\/\" target=\"_blank\" rel=\"noopener\" title=\"\">eToro \u2013 Recenze zn\u00e1m\u00e9ho brokera<\/a><\/h3>\n\n\n\n<h2 class=\"wp-block-heading\">Xiaomi odm\u00edt\u00e1 levn\u00e1 auta a s\u00e1z\u00ed na pr\u00e9miov\u00fd segment. V\u00fdroba voz\u016f dopl\u0148uje ob\u0159\u00ed propojen\u00fd ekosyst\u00e9m<\/h2>\n\n\n\n<p class=\"wp-block-paragraph\">Xiaomi se na rozd\u00edl od konkurent\u016f, kte\u0159\u00ed se sna\u017e\u00ed z\u00edskat pod\u00edl na trhu s levn\u00fdmi elektromobily, zam\u011b\u0159uje na segment pr\u00e9miov\u00fdch a technologicky vysp\u011bl\u00fdch voz\u016f s vy\u0161\u0161\u00ed mar\u017e\u00ed. Jej\u00ed modelov\u00e1 \u0159ada SU7 se v \u010c\u00edn\u011b stala nejprod\u00e1van\u011bj\u0161\u00edm sedanem s cenou nad 200.000 j\u00fcan\u016f. Nov\u00fd sportovn\u011b-u\u017eitkov\u00fd v\u016fz YU7 pak za prvn\u00edch 18 hodin od uveden\u00ed na trh z\u00edskal v\u00edce ne\u017e 240.000 z\u00e1vazn\u00fdch objedn\u00e1vek. Automobilov\u00fd <a href=\"https:\/\/crypto-globe.com\/vietnam-surfuje-na-vlne-kryptomen-jak-toho-muzete-vyuzit-v-byznyse\/\" target=\"_blank\" rel=\"noopener\" title=\"\">byznys<\/a> se tak vedle chytr\u00fdch telefon\u016f stal jedn\u00edm z hlavn\u00edch pohon\u016f r\u016fstu Xiaomi. <\/p>\n\n\n\n<p class=\"wp-block-paragraph\">Firma je podle pod\u00edlu na sv\u011btov\u00e9m trhu t\u0159et\u00edm nejv\u011bt\u0161\u00edm v\u00fdrobcem chytr\u00fdch telefon\u016f po americk\u00e9m <a href=\"https:\/\/trader-magazine.com\/cs\/novinky\/counterpoint-apple-se-letos-vrati-do-cela-svetoveho-trhu-s-chytrymi-telefony\/\" target=\"_blank\" rel=\"noopener\" title=\"\">Applu<\/a> a jihokorejsk\u00e9m Samsungu. V\u00fdroba aut je sou\u010d\u00e1st\u00ed strategie <strong>&#8222;\u010clov\u011bk x auto x dom\u00e1cnost&#8220;<\/strong>, jej\u00edm\u017e c\u00edlem je propojit automobily, chytr\u00e9 telefony a dom\u00e1c\u00ed elektroniku prost\u0159ednictv\u00edm vlastn\u00edho opera\u010dn\u00edho syst\u00e9mu a um\u011bl\u00e9 inteligence. Na veletrhu IFA Xiaomi z\u00e1rove\u0148 ozn\u00e1mila, \u017ee chce v Evrop\u011b roz\u0161\u00ed\u0159it nab\u00eddku dom\u00e1c\u00edch spot\u0159ebi\u010d\u016f zna\u010dky Mijia a vlastn\u00edch polovodi\u010d\u016f \u0159ady XRING.<\/p>\n\n\n\n<h3 class=\"wp-block-heading has-text-align-center\">Nenechte si uj\u00edt: <a href=\"https:\/\/trader-magazine.com\/cs\/recenze\/wonderinterest-trading-ltd-recenze\/\" target=\"_blank\" rel=\"noopener\" title=\"\">Wonderinterest Trading Ltd. recenze<\/a><\/h3>\n\n\n\n<p class=\"wp-block-paragraph\">Zdroj: Reuters <\/p>\n","protected":false},"excerpt":{"rendered":"<p>\u010c\u00ednsk\u00e1 skupina Xiaomi p\u0159ipravuje zah\u00e1jen\u00ed prodeje sv\u00fdch elektromobil\u016f v Evrop\u011b v roce 2027. Spole\u010dnost podepsala p\u0159edb\u011b\u017enou dohodu s osmi skupinami prodejc\u016f automobil\u016f v N\u011bmecku, \u010d\u00edm\u017e polo\u017eila z\u00e1klady pro pl\u00e1novan\u00fd vstup na evropsk\u00fd trh. Ozn\u00e1mila to podle agentury DPA spole\u010dnost na technologick\u00e9m veletrhu IFA v Berl\u00edn\u011b. Xiaomi se chyst\u00e1 na vstup do Evropy. S\u00ed\u0165 prodejc\u016f a [&hellip;]<\/p>\n","protected":false},"author":44,"featured_media":88851,"comment_status":"closed","ping_status":"open","sticky":false,"template":"","format":"standard","meta":{"yasr_overall_rating":0,"yasr_post_is_review":"","yasr_auto_insert_disabled":"","yasr_review_type":"","footnotes":""},"categories":[248],"tags":[385,4940,5854,6002],"class_list":["post-88849","post","type-post","status-publish","format-standard","has-post-thumbnail","category-novinky","tag-cina","tag-ekonomika","tag-evropa","tag-xiaomi"],"aioseo_notices":[],"aioseo_head":"\n\t\t<!-- All in One SEO Pro 5.0.0.1 - aioseo.com -->\n\t<meta name=\"description\" content=\"\u010c\u00ednsk\u00e1 skupina Xiaomi p\u0159ipravuje zah\u00e1jen\u00ed prodeje sv\u00fdch elektromobil\u016f v Evrop\u011b v roce 2027. Spole\u010dnost podepsala p\u0159edb\u011b\u017enou dohodu s osmi skupinami prodejc\u016f...\" \/>\n\t<meta name=\"robots\" content=\"max-image-preview:large\" \/>\n\t<meta name=\"author\" content=\"EditorialTeam\"\/>\n\t<link rel=\"canonical\" href=\"https:\/\/trader-magazine.com\/cs\/novinky\/cinska-xiaomi-planuje-zahajit-prodej-svych-elektromobilu-v-evrope-v-r-2027\/\" \/>\n\t<meta name=\"generator\" content=\"All in One SEO Pro (AIOSEO) 5.0.0.1\" \/>\n\t\t<meta property=\"og:locale\" content=\"cs_CZ\" \/>\n\t\t<meta property=\"og:site_name\" content=\"ForexMag\" \/>\n\t\t<meta property=\"og:type\" content=\"article\" \/>\n\t\t<meta property=\"og:title\" content=\"\u010c\u00ednsk\u00e1 Xiaomi pl\u00e1nuje zah\u00e1jit prodej sv\u00fdch elektromobil\u016f v Evrop\u011b\" \/>\n\t\t<meta property=\"og:description\" content=\"\u010c\u00ednsk\u00e1 skupina Xiaomi p\u0159ipravuje zah\u00e1jen\u00ed prodeje sv\u00fdch elektromobil\u016f v Evrop\u011b v roce 2027. Spole\u010dnost podepsala p\u0159edb\u011b\u017enou dohodu s osmi skupinami prodejc\u016f...\" \/>\n\t\t<meta property=\"og:url\" content=\"https:\/\/trader-magazine.com\/cs\/novinky\/cinska-xiaomi-planuje-zahajit-prodej-svych-elektromobilu-v-evrope-v-r-2027\/\" \/>\n\t\t<meta property=\"article:published_time\" content=\"2026-09-04T09:37:17+00:00\" \/>\n\t\t<meta property=\"article:modified_time\" content=\"2026-09-04T09:37:19+00:00\" \/>\n\t\t<meta name=\"twitter:card\" content=\"summary\" \/>\n\t\t<meta name=\"twitter:title\" content=\"\u010c\u00ednsk\u00e1 Xiaomi pl\u00e1nuje zah\u00e1jit prodej sv\u00fdch elektromobil\u016f v Evrop\u011b\" \/>\n\t\t<meta name=\"twitter:description\" content=\"\u010c\u00ednsk\u00e1 skupina Xiaomi p\u0159ipravuje zah\u00e1jen\u00ed prodeje sv\u00fdch elektromobil\u016f v Evrop\u011b v roce 2027. Spole\u010dnost podepsala p\u0159edb\u011b\u017enou dohodu s osmi skupinami prodejc\u016f...\" \/>\n\t\t<script type=\"application\/ld+json\" class=\"aioseo-schema\">\n\t\t\t{\"@context\":\"https:\\\/\\\/schema.org\",\"@graph\":[{\"@type\":\"Article\",\"@id\":\"https:\\\/\\\/trader-magazine.com\\\/cs\\\/novinky\\\/cinska-xiaomi-planuje-zahajit-prodej-svych-elektromobilu-v-evrope-v-r-2027\\\/#article\",\"name\":\"\\u010c\\u00ednsk\\u00e1 Xiaomi pl\\u00e1nuje zah\\u00e1jit prodej sv\\u00fdch elektromobil\\u016f v Evrop\\u011b\",\"headline\":\"\\u010c\\u00ednsk\\u00e1 Xiaomi pl\\u00e1nuje zah\\u00e1jit prodej sv\\u00fdch elektromobil\\u016f v Evrop\\u011b v r. 2027\",\"author\":{\"@id\":\"https:\\\/\\\/trader-magazine.com\\\/cs\\\/author\\\/editorialteam\\\/#author\"},\"publisher\":{\"@id\":\"https:\\\/\\\/trader-magazine.com\\\/cs\\\/#organization\"},\"image\":{\"@type\":\"ImageObject\",\"url\":\"https:\\\/\\\/trader-magazine.com\\\/wp-content\\\/uploads\\\/2026\\\/09\\\/Xiaomi-car.jpeg\",\"width\":1200,\"height\":800,\"caption\":\"Xiaomi car. Source: Adobe Stock\"},\"datePublished\":\"2026-09-04T11:37:17+02:00\",\"dateModified\":\"2026-09-04T11:37:19+02:00\",\"inLanguage\":\"cs-CZ\",\"mainEntityOfPage\":{\"@id\":\"https:\\\/\\\/trader-magazine.com\\\/cs\\\/novinky\\\/cinska-xiaomi-planuje-zahajit-prodej-svych-elektromobilu-v-evrope-v-r-2027\\\/#webpage\"},\"isPartOf\":{\"@id\":\"https:\\\/\\\/trader-magazine.com\\\/cs\\\/novinky\\\/cinska-xiaomi-planuje-zahajit-prodej-svych-elektromobilu-v-evrope-v-r-2027\\\/#webpage\"},\"articleSection\":\"Novinky, \\u010c\\u00edna, ekonomika, Evropa, Xiaomi, Optional\"},{\"@type\":\"BreadcrumbList\",\"@id\":\"https:\\\/\\\/trader-magazine.com\\\/cs\\\/novinky\\\/cinska-xiaomi-planuje-zahajit-prodej-svych-elektromobilu-v-evrope-v-r-2027\\\/#breadcrumblist\",\"itemListElement\":[{\"@type\":\"ListItem\",\"@id\":\"https:\\\/\\\/trader-magazine.com\\\/cs\\\/#listItem\",\"position\":1,\"name\":\"Home\",\"item\":\"https:\\\/\\\/trader-magazine.com\\\/cs\\\/\",\"nextItem\":{\"@type\":\"ListItem\",\"@id\":\"https:\\\/\\\/trader-magazine.com\\\/cs\\\/category\\\/novinky\\\/#listItem\",\"name\":\"Novinky\"}},{\"@type\":\"ListItem\",\"@id\":\"https:\\\/\\\/trader-magazine.com\\\/cs\\\/category\\\/novinky\\\/#listItem\",\"position\":2,\"name\":\"Novinky\",\"item\":\"https:\\\/\\\/trader-magazine.com\\\/cs\\\/category\\\/novinky\\\/\",\"nextItem\":{\"@type\":\"ListItem\",\"@id\":\"https:\\\/\\\/trader-magazine.com\\\/cs\\\/novinky\\\/cinska-xiaomi-planuje-zahajit-prodej-svych-elektromobilu-v-evrope-v-r-2027\\\/#listItem\",\"name\":\"\\u010c\\u00ednsk\\u00e1 Xiaomi pl\\u00e1nuje zah\\u00e1jit prodej sv\\u00fdch elektromobil\\u016f v Evrop\\u011b v r. 2027\"},\"previousItem\":{\"@type\":\"ListItem\",\"@id\":\"https:\\\/\\\/trader-magazine.com\\\/cs\\\/#listItem\",\"name\":\"Home\"}},{\"@type\":\"ListItem\",\"@id\":\"https:\\\/\\\/trader-magazine.com\\\/cs\\\/novinky\\\/cinska-xiaomi-planuje-zahajit-prodej-svych-elektromobilu-v-evrope-v-r-2027\\\/#listItem\",\"position\":3,\"name\":\"\\u010c\\u00ednsk\\u00e1 Xiaomi pl\\u00e1nuje zah\\u00e1jit prodej sv\\u00fdch elektromobil\\u016f v Evrop\\u011b v r. 2027\",\"previousItem\":{\"@type\":\"ListItem\",\"@id\":\"https:\\\/\\\/trader-magazine.com\\\/cs\\\/category\\\/novinky\\\/#listItem\",\"name\":\"Novinky\"}}]},{\"@type\":\"Organization\",\"@id\":\"https:\\\/\\\/trader-magazine.com\\\/cs\\\/#organization\",\"name\":\"Trader-Magazine.com\",\"description\":\"Mezin\\u00e1rodn\\u00ed port\\u00e1l finan\\u010dn\\u00edho vzd\\u011bl\\u00e1v\\u00e1n\\u00ed se zam\\u011b\\u0159en\\u00edm na investice. V sou\\u010dasn\\u00e9 dob\\u011b vych\\u00e1z\\u00ed v 6 jazykov\\u00fdch verz\\u00edch a p\\u0159in\\u00e1\\u0161\\u00ed denn\\u011b aktualizovan\\u00e9 zpr\\u00e1vy, recenze, varov\\u00e1n\\u00ed a vzd\\u011bl\\u00e1vac\\u00ed \\u010dl\\u00e1nky relevantn\\u00ed pro investory z cel\\u00e9ho sv\\u011bta.\",\"url\":\"https:\\\/\\\/trader-magazine.com\\\/cs\\\/\",\"email\":\"info@trader-magazine.com\",\"logo\":{\"@type\":\"ImageObject\",\"url\":\"https:\\\/\\\/trader-magazine.com\\\/wp-content\\\/uploads\\\/2026\\\/01\\\/logo_logo4-B-kopie.png\",\"@id\":\"https:\\\/\\\/trader-magazine.com\\\/cs\\\/novinky\\\/cinska-xiaomi-planuje-zahajit-prodej-svych-elektromobilu-v-evrope-v-r-2027\\\/#organizationLogo\",\"width\":1586,\"height\":555},\"image\":{\"@id\":\"https:\\\/\\\/trader-magazine.com\\\/cs\\\/novinky\\\/cinska-xiaomi-planuje-zahajit-prodej-svych-elektromobilu-v-evrope-v-r-2027\\\/#organizationLogo\"}},{\"@type\":\"Person\",\"@id\":\"https:\\\/\\\/trader-magazine.com\\\/cs\\\/author\\\/editorialteam\\\/#author\",\"url\":\"https:\\\/\\\/trader-magazine.com\\\/cs\\\/author\\\/editorialteam\\\/\",\"name\":\"EditorialTeam\",\"description\":\"Trader-Magazine.com Editorial Team: Your Guide to the World of Modern Finance The Trader-Magazine.com editorial team consists of seasoned professionals specializing in financial journalism, economic analysis, and financial technology (Fintech). As an independent editorial board, our mission is to deliver objective, high-value insights into the dynamic landscape of global investments, cryptocurrencies, and the digital transformation of the banking sector. In an era where financial markets are being fundamentally reshaped by Artificial Intelligence (AI) and decentralized technologies, our team serves as the essential bridge between complex big data and the individual investor. Our Core Pillars of Expertise To provide comprehensive market coverage, our editorial focus is divided into four strategic pillars:   Capital Markets Analysis: We provide rigorous monitoring of global stock exchanges across the US, Europe, and Asia, with a primary focus on equities, commodities, and ETFs.   Cryptocurrencies and Web3: Our specialists deliver in-depth technical and fundamental analyses of Bitcoin, Ethereum, and the broader blockchain ecosystem.   Fintech and Innovation: We track the structural evolution of the financial sector, ranging from the rise of neobanking to the integration of AI-driven asset management.   Investment Strategy: We offer actionable frameworks for both novice and professional traders, emphasizing sophisticated risk management and long-term portfolio sustainability.   Why Trust Our Insights? The members of our editorial board bring a wealth of experience from leading media outlets (including prominent titles such as Marketing &amp; Media and major economic publications) and hold advanced academic degrees in journalism and economics. At Trader-Magazine.com, our reporting transcends simple numerical data. We prioritize the \\\"broader context,\\\" analyzing how macro-economic trends impact everyday life, societal structures, and the global economy. Our Editorial Standards Our work is governed by the principles of factual accuracy, independence, and transparency. Every piece of content undergoes a rigorous multi-stage fact-checking process to ensure it meets the highest standards for premium financial content in the digital age.\",\"knowsLanguage\":[\"Czech\",\"English\"],\"image\":{\"@type\":\"ImageObject\",\"url\":\"https:\\\/\\\/secure.gravatar.com\\\/avatar\\\/90e2e1b870a94acbb6e3848e6973e98d07dc176eb667f8d60366eac96e733dd4?s=96&d=mm&r=g\"}},{\"@type\":\"WebPage\",\"@id\":\"https:\\\/\\\/trader-magazine.com\\\/cs\\\/novinky\\\/cinska-xiaomi-planuje-zahajit-prodej-svych-elektromobilu-v-evrope-v-r-2027\\\/#webpage\",\"url\":\"https:\\\/\\\/trader-magazine.com\\\/cs\\\/novinky\\\/cinska-xiaomi-planuje-zahajit-prodej-svych-elektromobilu-v-evrope-v-r-2027\\\/\",\"name\":\"\\u010c\\u00ednsk\\u00e1 Xiaomi pl\\u00e1nuje zah\\u00e1jit prodej sv\\u00fdch elektromobil\\u016f v Evrop\\u011b\",\"description\":\"\\u010c\\u00ednsk\\u00e1 skupina Xiaomi p\\u0159ipravuje zah\\u00e1jen\\u00ed prodeje sv\\u00fdch elektromobil\\u016f v Evrop\\u011b v roce 2027. Spole\\u010dnost podepsala p\\u0159edb\\u011b\\u017enou dohodu s osmi skupinami prodejc\\u016f...\",\"inLanguage\":\"cs-CZ\",\"isPartOf\":{\"@id\":\"https:\\\/\\\/trader-magazine.com\\\/cs\\\/#website\"},\"breadcrumb\":{\"@id\":\"https:\\\/\\\/trader-magazine.com\\\/cs\\\/novinky\\\/cinska-xiaomi-planuje-zahajit-prodej-svych-elektromobilu-v-evrope-v-r-2027\\\/#breadcrumblist\"},\"author\":{\"@id\":\"https:\\\/\\\/trader-magazine.com\\\/cs\\\/author\\\/editorialteam\\\/#author\"},\"creator\":{\"@id\":\"https:\\\/\\\/trader-magazine.com\\\/cs\\\/author\\\/editorialteam\\\/#author\"},\"image\":{\"@type\":\"ImageObject\",\"url\":\"https:\\\/\\\/trader-magazine.com\\\/wp-content\\\/uploads\\\/2026\\\/09\\\/Xiaomi-car.jpeg\",\"@id\":\"https:\\\/\\\/trader-magazine.com\\\/cs\\\/novinky\\\/cinska-xiaomi-planuje-zahajit-prodej-svych-elektromobilu-v-evrope-v-r-2027\\\/#mainImage\",\"width\":1200,\"height\":800,\"caption\":\"Xiaomi car. Source: Adobe Stock\"},\"primaryImageOfPage\":{\"@id\":\"https:\\\/\\\/trader-magazine.com\\\/cs\\\/novinky\\\/cinska-xiaomi-planuje-zahajit-prodej-svych-elektromobilu-v-evrope-v-r-2027\\\/#mainImage\"},\"datePublished\":\"2026-09-04T11:37:17+02:00\",\"dateModified\":\"2026-09-04T11:37:19+02:00\"},{\"@type\":\"WebSite\",\"@id\":\"https:\\\/\\\/trader-magazine.com\\\/cs\\\/#website\",\"url\":\"https:\\\/\\\/trader-magazine.com\\\/cs\\\/\",\"name\":\"Trader Magazine\",\"description\":\"Online magazine about events in the world of investments, Forex and Finacials\",\"inLanguage\":\"cs-CZ\",\"publisher\":{\"@id\":\"https:\\\/\\\/trader-magazine.com\\\/cs\\\/#organization\"}}]}\n\t\t<\/script>\n\t\t<!-- All in One SEO Pro -->\r\n\t\t<title>\u010c\u00ednsk\u00e1 Xiaomi pl\u00e1nuje zah\u00e1jit prodej sv\u00fdch elektromobil\u016f v Evrop\u011b<\/title>\n\n","aioseo_head_json":{"title":"\u010c\u00ednsk\u00e1 Xiaomi pl\u00e1nuje zah\u00e1jit prodej sv\u00fdch elektromobil\u016f v Evrop\u011b","description":"\u010c\u00ednsk\u00e1 skupina Xiaomi p\u0159ipravuje zah\u00e1jen\u00ed prodeje sv\u00fdch elektromobil\u016f v Evrop\u011b v roce 2027. Spole\u010dnost podepsala p\u0159edb\u011b\u017enou dohodu s osmi skupinami prodejc\u016f...","canonical_url":"https:\/\/trader-magazine.com\/cs\/novinky\/cinska-xiaomi-planuje-zahajit-prodej-svych-elektromobilu-v-evrope-v-r-2027\/","robots":"max-image-preview:large","keywords":"","webmasterTools":{"miscellaneous":""},"schema":{"@context":"https:\/\/schema.org","@graph":[{"@type":"Article","@id":"https:\/\/trader-magazine.com\/cs\/novinky\/cinska-xiaomi-planuje-zahajit-prodej-svych-elektromobilu-v-evrope-v-r-2027\/#article","name":"\u010c\u00ednsk\u00e1 Xiaomi pl\u00e1nuje zah\u00e1jit prodej sv\u00fdch elektromobil\u016f v Evrop\u011b","headline":"\u010c\u00ednsk\u00e1 Xiaomi pl\u00e1nuje zah\u00e1jit prodej sv\u00fdch elektromobil\u016f v Evrop\u011b v r. 2027","author":{"@id":"https:\/\/trader-magazine.com\/cs\/author\/editorialteam\/#author"},"publisher":{"@id":"https:\/\/trader-magazine.com\/cs\/#organization"},"image":{"@type":"ImageObject","url":"https:\/\/trader-magazine.com\/wp-content\/uploads\/2026\/09\/Xiaomi-car.jpeg","width":1200,"height":800,"caption":"Xiaomi car. Source: Adobe Stock"},"datePublished":"2026-09-04T11:37:17+02:00","dateModified":"2026-09-04T11:37:19+02:00","inLanguage":"cs-CZ","mainEntityOfPage":{"@id":"https:\/\/trader-magazine.com\/cs\/novinky\/cinska-xiaomi-planuje-zahajit-prodej-svych-elektromobilu-v-evrope-v-r-2027\/#webpage"},"isPartOf":{"@id":"https:\/\/trader-magazine.com\/cs\/novinky\/cinska-xiaomi-planuje-zahajit-prodej-svych-elektromobilu-v-evrope-v-r-2027\/#webpage"},"articleSection":"Novinky, \u010c\u00edna, ekonomika, Evropa, Xiaomi, Optional"},{"@type":"BreadcrumbList","@id":"https:\/\/trader-magazine.com\/cs\/novinky\/cinska-xiaomi-planuje-zahajit-prodej-svych-elektromobilu-v-evrope-v-r-2027\/#breadcrumblist","itemListElement":[{"@type":"ListItem","@id":"https:\/\/trader-magazine.com\/cs\/#listItem","position":1,"name":"Home","item":"https:\/\/trader-magazine.com\/cs\/","nextItem":{"@type":"ListItem","@id":"https:\/\/trader-magazine.com\/cs\/category\/novinky\/#listItem","name":"Novinky"}},{"@type":"ListItem","@id":"https:\/\/trader-magazine.com\/cs\/category\/novinky\/#listItem","position":2,"name":"Novinky","item":"https:\/\/trader-magazine.com\/cs\/category\/novinky\/","nextItem":{"@type":"ListItem","@id":"https:\/\/trader-magazine.com\/cs\/novinky\/cinska-xiaomi-planuje-zahajit-prodej-svych-elektromobilu-v-evrope-v-r-2027\/#listItem","name":"\u010c\u00ednsk\u00e1 Xiaomi pl\u00e1nuje zah\u00e1jit prodej sv\u00fdch elektromobil\u016f v Evrop\u011b v r. 2027"},"previousItem":{"@type":"ListItem","@id":"https:\/\/trader-magazine.com\/cs\/#listItem","name":"Home"}},{"@type":"ListItem","@id":"https:\/\/trader-magazine.com\/cs\/novinky\/cinska-xiaomi-planuje-zahajit-prodej-svych-elektromobilu-v-evrope-v-r-2027\/#listItem","position":3,"name":"\u010c\u00ednsk\u00e1 Xiaomi pl\u00e1nuje zah\u00e1jit prodej sv\u00fdch elektromobil\u016f v Evrop\u011b v r. 2027","previousItem":{"@type":"ListItem","@id":"https:\/\/trader-magazine.com\/cs\/category\/novinky\/#listItem","name":"Novinky"}}]},{"@type":"Organization","@id":"https:\/\/trader-magazine.com\/cs\/#organization","name":"Trader-Magazine.com","description":"Mezin\u00e1rodn\u00ed port\u00e1l finan\u010dn\u00edho vzd\u011bl\u00e1v\u00e1n\u00ed se zam\u011b\u0159en\u00edm na investice. V sou\u010dasn\u00e9 dob\u011b vych\u00e1z\u00ed v 6 jazykov\u00fdch verz\u00edch a p\u0159in\u00e1\u0161\u00ed denn\u011b aktualizovan\u00e9 zpr\u00e1vy, recenze, varov\u00e1n\u00ed a vzd\u011bl\u00e1vac\u00ed \u010dl\u00e1nky relevantn\u00ed pro investory z cel\u00e9ho sv\u011bta.","url":"https:\/\/trader-magazine.com\/cs\/","email":"info@trader-magazine.com","logo":{"@type":"ImageObject","url":"https:\/\/trader-magazine.com\/wp-content\/uploads\/2026\/01\/logo_logo4-B-kopie.png","@id":"https:\/\/trader-magazine.com\/cs\/novinky\/cinska-xiaomi-planuje-zahajit-prodej-svych-elektromobilu-v-evrope-v-r-2027\/#organizationLogo","width":1586,"height":555},"image":{"@id":"https:\/\/trader-magazine.com\/cs\/novinky\/cinska-xiaomi-planuje-zahajit-prodej-svych-elektromobilu-v-evrope-v-r-2027\/#organizationLogo"}},{"@type":"Person","@id":"https:\/\/trader-magazine.com\/cs\/author\/editorialteam\/#author","url":"https:\/\/trader-magazine.com\/cs\/author\/editorialteam\/","name":"EditorialTeam","description":"Trader-Magazine.com Editorial Team: Your Guide to the World of Modern Finance The Trader-Magazine.com editorial team consists of seasoned professionals specializing in financial journalism, economic analysis, and financial technology (Fintech). As an independent editorial board, our mission is to deliver objective, high-value insights into the dynamic landscape of global investments, cryptocurrencies, and the digital transformation of the banking sector. In an era where financial markets are being fundamentally reshaped by Artificial Intelligence (AI) and decentralized technologies, our team serves as the essential bridge between complex big data and the individual investor. Our Core Pillars of Expertise To provide comprehensive market coverage, our editorial focus is divided into four strategic pillars:   Capital Markets Analysis: We provide rigorous monitoring of global stock exchanges across the US, Europe, and Asia, with a primary focus on equities, commodities, and ETFs.   Cryptocurrencies and Web3: Our specialists deliver in-depth technical and fundamental analyses of Bitcoin, Ethereum, and the broader blockchain ecosystem.   Fintech and Innovation: We track the structural evolution of the financial sector, ranging from the rise of neobanking to the integration of AI-driven asset management.   Investment Strategy: We offer actionable frameworks for both novice and professional traders, emphasizing sophisticated risk management and long-term portfolio sustainability.   Why Trust Our Insights? The members of our editorial board bring a wealth of experience from leading media outlets (including prominent titles such as Marketing &amp; Media and major economic publications) and hold advanced academic degrees in journalism and economics. At Trader-Magazine.com, our reporting transcends simple numerical data. We prioritize the \"broader context,\" analyzing how macro-economic trends impact everyday life, societal structures, and the global economy. Our Editorial Standards Our work is governed by the principles of factual accuracy, independence, and transparency. Every piece of content undergoes a rigorous multi-stage fact-checking process to ensure it meets the highest standards for premium financial content in the digital age.","knowsLanguage":["Czech","English"],"image":{"@type":"ImageObject","url":"https:\/\/secure.gravatar.com\/avatar\/90e2e1b870a94acbb6e3848e6973e98d07dc176eb667f8d60366eac96e733dd4?s=96&d=mm&r=g"}},{"@type":"WebPage","@id":"https:\/\/trader-magazine.com\/cs\/novinky\/cinska-xiaomi-planuje-zahajit-prodej-svych-elektromobilu-v-evrope-v-r-2027\/#webpage","url":"https:\/\/trader-magazine.com\/cs\/novinky\/cinska-xiaomi-planuje-zahajit-prodej-svych-elektromobilu-v-evrope-v-r-2027\/","name":"\u010c\u00ednsk\u00e1 Xiaomi pl\u00e1nuje zah\u00e1jit prodej sv\u00fdch elektromobil\u016f v Evrop\u011b","description":"\u010c\u00ednsk\u00e1 skupina Xiaomi p\u0159ipravuje zah\u00e1jen\u00ed prodeje sv\u00fdch elektromobil\u016f v Evrop\u011b v roce 2027. Spole\u010dnost podepsala p\u0159edb\u011b\u017enou dohodu s osmi skupinami prodejc\u016f...","inLanguage":"cs-CZ","isPartOf":{"@id":"https:\/\/trader-magazine.com\/cs\/#website"},"breadcrumb":{"@id":"https:\/\/trader-magazine.com\/cs\/novinky\/cinska-xiaomi-planuje-zahajit-prodej-svych-elektromobilu-v-evrope-v-r-2027\/#breadcrumblist"},"author":{"@id":"https:\/\/trader-magazine.com\/cs\/author\/editorialteam\/#author"},"creator":{"@id":"https:\/\/trader-magazine.com\/cs\/author\/editorialteam\/#author"},"image":{"@type":"ImageObject","url":"https:\/\/trader-magazine.com\/wp-content\/uploads\/2026\/09\/Xiaomi-car.jpeg","@id":"https:\/\/trader-magazine.com\/cs\/novinky\/cinska-xiaomi-planuje-zahajit-prodej-svych-elektromobilu-v-evrope-v-r-2027\/#mainImage","width":1200,"height":800,"caption":"Xiaomi car. Source: Adobe Stock"},"primaryImageOfPage":{"@id":"https:\/\/trader-magazine.com\/cs\/novinky\/cinska-xiaomi-planuje-zahajit-prodej-svych-elektromobilu-v-evrope-v-r-2027\/#mainImage"},"datePublished":"2026-09-04T11:37:17+02:00","dateModified":"2026-09-04T11:37:19+02:00"},{"@type":"WebSite","@id":"https:\/\/trader-magazine.com\/cs\/#website","url":"https:\/\/trader-magazine.com\/cs\/","name":"Trader Magazine","description":"Online magazine about events in the world of investments, Forex and Finacials","inLanguage":"cs-CZ","publisher":{"@id":"https:\/\/trader-magazine.com\/cs\/#organization"}}]},"og:locale":"cs_CZ","og:site_name":"ForexMag","og:type":"article","og:title":"\u010c\u00ednsk\u00e1 Xiaomi pl\u00e1nuje zah\u00e1jit prodej sv\u00fdch elektromobil\u016f v Evrop\u011b","og:description":"\u010c\u00ednsk\u00e1 skupina Xiaomi p\u0159ipravuje zah\u00e1jen\u00ed prodeje sv\u00fdch elektromobil\u016f v Evrop\u011b v roce 2027. Spole\u010dnost podepsala p\u0159edb\u011b\u017enou dohodu s osmi skupinami prodejc\u016f...","og:url":"https:\/\/trader-magazine.com\/cs\/novinky\/cinska-xiaomi-planuje-zahajit-prodej-svych-elektromobilu-v-evrope-v-r-2027\/","article:published_time":"2026-09-04T09:37:17+00:00","article:modified_time":"2026-09-04T09:37:19+00:00","twitter:card":"summary","twitter:title":"\u010c\u00ednsk\u00e1 Xiaomi pl\u00e1nuje zah\u00e1jit prodej sv\u00fdch elektromobil\u016f v Evrop\u011b","twitter:description":"\u010c\u00ednsk\u00e1 skupina Xiaomi p\u0159ipravuje zah\u00e1jen\u00ed prodeje sv\u00fdch elektromobil\u016f v Evrop\u011b v roce 2027. Spole\u010dnost podepsala p\u0159edb\u011b\u017enou dohodu s osmi skupinami prodejc\u016f..."},"aioseo_meta_data":{"post_id":"88849","title":"\u010c\u00ednsk\u00e1 Xiaomi pl\u00e1nuje zah\u00e1jit prodej sv\u00fdch elektromobil\u016f v Evrop\u011b","description":"\u010c\u00ednsk\u00e1 skupina Xiaomi p\u0159ipravuje zah\u00e1jen\u00ed prodeje sv\u00fdch elektromobil\u016f v Evrop\u011b v roce 2027. Spole\u010dnost podepsala p\u0159edb\u011b\u017enou dohodu s osmi skupinami prodejc\u016f...","keywords":null,"keyphrases":{"focus":{"keyphrase":"Xiaomi","score":0,"analysis":[]},"additional":[]},"primary_term":null,"canonical_url":null,"og_title":null,"og_description":null,"og_object_type":"default","og_image_type":"default","og_image_url":null,"og_image_width":null,"og_image_height":null,"og_image_custom_url":null,"og_image_custom_fields":null,"og_video":"","og_custom_url":null,"og_article_section":null,"og_article_tags":null,"twitter_use_og":false,"twitter_card":"default","twitter_image_type":"default","twitter_image_url":null,"twitter_image_custom_url":null,"twitter_image_custom_fields":null,"twitter_title":null,"twitter_description":null,"schema":{"blockGraphs":[],"customGraphs":[],"default":{"data":{"Article":[],"Course":[],"Dataset":[],"FAQPage":[],"Movie":[],"Person":[],"Product":[],"ProductReview":[],"Car":[],"Recipe":[],"Service":[],"SoftwareApplication":[],"WebPage":[]},"graphName":"Article","isEnabled":true},"graphs":[]},"schema_type":"default","schema_type_options":null,"pillar_content":false,"robots_default":true,"robots_noindex":false,"robots_noarchive":false,"robots_nosnippet":false,"robots_nofollow":false,"robots_noimageindex":false,"robots_noodp":false,"robots_notranslate":false,"robots_max_snippet":"-1","robots_max_videopreview":"-1","robots_max_imagepreview":"large","priority":null,"frequency":"default","local_seo":null,"seo_analyzer_scan_date":"2026-09-04 09:38:41","breadcrumb_settings":null,"limit_modified_date":false,"reviewed_by":"0","open_ai":null,"ai":{"faqs":[],"keyPoints":[],"schemas":[],"titles":[],"descriptions":[],"socialPosts":{"email":{"subject":"","preview":"","content":""},"linkedin":[],"twitter":[],"facebook":[],"instagram":[]}},"created":"2026-09-04 09:28:08","updated":"2026-09-04 09:38:43","focus_keyword":"Xiaomi","additional_keywords":null,"truseo_locale":null},"aioseo_breadcrumb":"<div class=\"aioseo-breadcrumbs\"><span class=\"aioseo-breadcrumb\">\n\t<a href=\"https:\/\/trader-magazine.com\/cs\/\" title=\"Home\">Home<\/a>\n<\/span><span class=\"aioseo-breadcrumb-separator\">\u00bb<\/span><span class=\"aioseo-breadcrumb\">\n\t<a href=\"https:\/\/trader-magazine.com\/cs\/category\/novinky\/\" title=\"Novinky\">Novinky<\/a>\n<\/span><span class=\"aioseo-breadcrumb-separator\">\u00bb<\/span><span class=\"aioseo-breadcrumb\">\n\t\u010c\u00ednsk\u00e1 Xiaomi pl\u00e1nuje zah\u00e1jit prodej sv\u00fdch elektromobil\u016f v Evrop\u011b v r. 2027\n<\/span><\/div>","aioseo_breadcrumb_json":[{"label":"Home","link":"https:\/\/trader-magazine.com\/cs\/"},{"label":"Novinky","link":"https:\/\/trader-magazine.com\/cs\/category\/novinky\/"},{"label":"\u010c\u00ednsk\u00e1 Xiaomi pl\u00e1nuje zah\u00e1jit prodej sv\u00fdch elektromobil\u016f v Evrop\u011b v r. 2027","link":"https:\/\/trader-magazine.com\/cs\/novinky\/cinska-xiaomi-planuje-zahajit-prodej-svych-elektromobilu-v-evrope-v-r-2027\/"}],"yasr_visitor_votes":{"stars_attributes":{"read_only":false,"span_bottom":false},"number_of_votes":0,"sum_votes":0},"aioseo_meta":{"seo_title":"\u010c\u00ednsk\u00e1 Xiaomi pl\u00e1nuje zah\u00e1jit prodej sv\u00fdch elektromobil\u016f v Evrop\u011b","meta_description":"\u010c\u00ednsk\u00e1 skupina Xiaomi p\u0159ipravuje zah\u00e1jen\u00ed prodeje sv\u00fdch elektromobil\u016f v Evrop\u011b v roce 2027. Spole\u010dnost podepsala p\u0159edb\u011b\u017enou dohodu s osmi skupinami prodejc\u016f...","focus_keyword":"Xiaomi"},"_links":{"self":[{"href":"https:\/\/trader-magazine.com\/cs\/wp-json\/wp\/v2\/posts\/88849","targetHints":{"allow":["GET"]}}],"collection":[{"href":"https:\/\/trader-magazine.com\/cs\/wp-json\/wp\/v2\/posts"}],"about":[{"href":"https:\/\/trader-magazine.com\/cs\/wp-json\/wp\/v2\/types\/post"}],"author":[{"embeddable":true,"href":"https:\/\/trader-magazine.com\/cs\/wp-json\/wp\/v2\/users\/44"}],"replies":[{"embeddable":true,"href":"https:\/\/trader-magazine.com\/cs\/wp-json\/wp\/v2\/comments?post=88849"}],"version-history":[{"count":1,"href":"https:\/\/trader-magazine.com\/cs\/wp-json\/wp\/v2\/posts\/88849\/revisions"}],"predecessor-version":[{"id":88858,"href":"https:\/\/trader-magazine.com\/cs\/wp-json\/wp\/v2\/posts\/88849\/revisions\/88858"}],"wp:featuredmedia":[{"embeddable":true,"href":"https:\/\/trader-magazine.com\/cs\/wp-json\/wp\/v2\/media\/88851"}],"wp:attachment":[{"href":"https:\/\/trader-magazine.com\/cs\/wp-json\/wp\/v2\/media?parent=88849"}],"wp:term":[{"taxonomy":"category","embeddable":true,"href":"https:\/\/trader-magazine.com\/cs\/wp-json\/wp\/v2\/categories?post=88849"},{"taxonomy":"post_tag","embeddable":true,"href":"https:\/\/trader-magazine.com\/cs\/wp-json\/wp\/v2\/tags?post=88849"}],"curies":[{"name":"wp","href":"https:\/\/api.w.org\/{rel}","templated":true}]}}